{"id":448496,"date":"2025-10-08T22:08:11","date_gmt":"2025-10-08T22:08:11","guid":{"rendered":"https:\/\/www.europesays.com\/fr\/448496\/"},"modified":"2025-10-08T22:08:11","modified_gmt":"2025-10-08T22:08:11","slug":"la-dj-francaise-hysta-fait-resonner-la-techno-hardcore-depuis-la-tour-eiffel-une-premiere","status":"publish","type":"post","link":"https:\/\/www.europesays.com\/fr\/448496\/","title":{"rendered":"La DJ fran\u00e7aise Hysta fait r\u00e9sonner la techno hardcore depuis la tour Eiffel, une premi\u00e8re"},"content":{"rendered":"<p class=\"paragraph text_align_left lp-f-body-02\">Jamais la Dame de Fer n\u2019avait vibr\u00e9 au rythme effr\u00e9n\u00e9 du hardcore. Le 11 septembre dernier, la <a href=\"https:\/\/www.leparisien.fr\/paris-75\/tour-eiffel\/\" target=\"_blank\" rel=\"noreferrer nofollow noopener\">tour Eiffel<\/a> a r\u00e9sonn\u00e9 d\u2019un tout nouveau son gr\u00e2ce \u00e0 Hysta, premi\u00e8re artiste fran\u00e7aise \u00e0 y performer ce genre musical extr\u00eame.<\/p>\n<p class=\"paragraph text_align_left lp-f-body-02\">La DJ nantaise, de son vrai nom Tha\u00efs Morel, a r\u00e9alis\u00e9 l\u2019exploit d\u2019enregistrer un set exclusif de 60 minutes au deuxi\u00e8me \u00e9tage du monument parisien. Cette performance historique sera diffus\u00e9e jeudi 16 octobre \u00e0 20 heures sur sa cha\u00eene YouTube officielle, en \u00ab Live Premiere \u00bb avec un chat en direct permettant aux viewers d\u2019interagir ensemble.<\/p>\n<p>\u00ab Un frisson m\u2019a parcourue \u00bb<\/p>\n<p class=\"paragraph text_align_left lp-f-body-02\">Le tournage s\u2019est d\u00e9roul\u00e9 le jeudi 11 septembre entre 7h30 et 8h30 du matin, avant l\u2019ouverture au public. En attendant la diffusion compl\u00e8te, un teaser a \u00e9t\u00e9 d\u00e9voil\u00e9 ce mercredi \u00e0 18 heures sur le compte Youtube de l\u2019artiste.<\/p>\n<p class=\"paragraph text_align_left lp-f-body-02\">Le hardcore, musique \u00e9lectronique caract\u00e9ris\u00e9e par des rythmes tr\u00e8s rapides et une intensit\u00e9 sonore extr\u00eame, marque une premi\u00e8re pour la dame de fer, habituellement utilis\u00e9e comme d\u00e9cor pour des projets musicaux plut\u00f4t tourn\u00e9s autour rap fran\u00e7ais comme <a href=\"https:\/\/www.leparisien.fr\/culture-loisirs\/musique\/pnl-un-troisieme-album-et-toujours-autant-de-mystere-04-04-2019-8046822.php\" target=\"_blank\" rel=\"noreferrer nofollow noopener\">PNL<\/a> ou des chanteurs plus populaire comme <a href=\"https:\/\/www.leparisien.fr\/jo-paris-2024\/jo-paris-2024-la-video-de-la-superbe-prestation-de-celine-dion-lors-de-la-ceremonie-douverture-26-07-2024-ZOMZNO7QB5GDNB6EO2WUUT3W34.php#:~:text=La%20star%20canadienne%2C%20dont%20la,Une%20performance%20bluffante.&amp;text=C%C3%A9line%20Dion%20a%20clos%20la,%C3%A9tage%20de%20la%20tour%20Eiffel.\" target=\"_blank\" rel=\"noreferrer nofollow noopener\">C\u00e9line Dion<\/a> lors des Jeux olympiques.<\/p>\n<p class=\"paragraph text_align_left lp-f-body-02\">\u00ab Quand j\u2019ai lev\u00e9 les yeux et vu la pointe de la Tour au-dessus de moi, un frisson m\u2019a parcourue. C\u2019est \u00e0 ce moment-l\u00e0 que j\u2019ai r\u00e9alis\u00e9 \u00bb, confie l\u2019artiste en se replongeant dans le tournage de son set. Pour cette occasion, elle a compos\u00e9 un morceau original intitul\u00e9 \u00ab Little Things \u00bb, r\u00e9interpr\u00e9tant un th\u00e8me du film \u00ab <a href=\"https:\/\/www.leparisien.fr\/culture-loisirs\/cinema\/amelie-poulain-intouchables-napoleon-pourquoi-tant-de-films-cultes-ressortent-cet-ete-16-07-2024-RMMERLZQYFFZPPLMU2MIPRQB3I.php\" target=\"_blank\" rel=\"noreferrer nofollow noopener\">Le Fabuleux Destin d\u2019Am\u00e9lie Poulain<\/a> \u00bb.<\/p>\n<p>Un d\u00e9fi de taille<\/p>\n<p class=\"paragraph text_align_left lp-f-body-02\">Le projet, enti\u00e8rement autofinanc\u00e9, aura n\u00e9cessit\u00e9 pr\u00e8s de deux ann\u00e9es de pr\u00e9paration, \u00ab enti\u00e8rement de fa\u00e7on ind\u00e9pendante, sans grande soci\u00e9t\u00e9 de production \u00bb, explique Hysta. Le jour J, l\u2019\u00e9quipe n\u2019avait que deux heures pour tout installer, enregistrer et d\u00e9monter.<\/p>\n<p class=\"paragraph text_align_left lp-f-body-02\">\u00ab J\u2019avais froid au deuxi\u00e8me \u00e9tage, les mains tremblaient, je n\u2019avais jamais \u00e9t\u00e9 aussi nerveuse. Mais d\u00e8s que j\u2019ai commenc\u00e9, je suis tomb\u00e9e dans une sorte de transe \u00bb, se souvient l\u2019artiste.<\/p>\n<p class=\"paragraph text_align_left lp-f-body-02\">N\u00e9e \u00e0 Nantes, entre une enfance en Bretagne et une vie \u00e0 bord d\u2019un voilier, Hysta s\u2019est impos\u00e9e comme \u00ab L\u2019H\u00e9riti\u00e8re du Hardcore \u00bb. Guid\u00e9e par sa devise \u00ab My heart belongs to Hardcore \u00bb, elle a fa\u00e7onn\u00e9 d\u00e8s 16 ans un style qui honore les racines du hardcore tout en lui donnant une dimension moderne.<\/p>\n<p class=\"paragraph text_align_left lp-f-body-02\">Ses performances \u00e0 Tomorrowland, Defqon.1, Delta Festival ou Thunderdome l\u2019ont men\u00e9e des quatre coins de l\u2019Europe jusqu\u2019en Am\u00e9rique du Sud, du Nord, en Asie, au Moyen-Orient et en Oc\u00e9anie.<\/p>\n<p>Un genre autrefois marginalis\u00e9<\/p>\n<p class=\"paragraph text_align_left lp-f-body-02\">\u00ab Rien n\u2019est impossible. M\u00eame avec peu de moyens et dans des conditions difficiles, on peut donner vie \u00e0 des id\u00e9es folles. J\u2019esp\u00e8re que cela inspirera d\u2019autres \u00e0 prendre des risques et \u00e0 croire en leurs r\u00eaves \u00bb, d\u00e9clare l\u2019artiste.<\/p>\n<p class=\"paragraph text_align_left lp-f-body-02\">\u00ab Je n\u2019aurais jamais imagin\u00e9 qu\u2019un jour j\u2019enverrais un message \u00e0 ma grand-m\u00e8re : Coucou Mamie, ce matin j\u2019ai jou\u00e9 sur la <a href=\"https:\/\/www.leparisien.fr\/paris-75\/tour-eiffel\/\" target=\"_blank\" rel=\"noreferrer nofollow noopener\">tour Eiffel<\/a> \u00bb, sourit-elle. Une performance qui, selon l\u2019artiste, prouve qu\u2019un genre autrefois marginalis\u00e9 peut aujourd\u2019hui r\u00e9sonner depuis le monument le plus embl\u00e9matique du monde.<\/p>\n","protected":false},"excerpt":{"rendered":"Jamais la Dame de Fer n\u2019avait vibr\u00e9 au rythme effr\u00e9n\u00e9 du hardcore. Le 11 septembre dernier, la tour&hellip;\n","protected":false},"author":2,"featured_media":448497,"comment_status":"","ping_status":"","sticky":false,"template":"","format":"standard","meta":{"footnotes":""},"categories":[1888],"tags":[11,872,1777,674,1011,27,1944,12,626,25],"class_list":{"0":"post-448496","1":"post","2":"type-post","3":"status-publish","4":"format-standard","5":"has-post-thumbnail","7":"category-paris","8":"tag-actualites","9":"tag-culture-et-loisirs","10":"tag-eu","11":"tag-europe","12":"tag-fr","13":"tag-france","14":"tag-ma-ville","15":"tag-news","16":"tag-paris","17":"tag-republique-francaise"},"share_on_mastodon":{"url":"https:\/\/pubeurope.com\/@fr\/115340830643123476","error":""},"_links":{"self":[{"href":"https:\/\/www.europesays.com\/fr\/wp-json\/wp\/v2\/posts\/448496","targetHints":{"allow":["GET"]}}],"collection":[{"href":"https:\/\/www.europesays.com\/fr\/wp-json\/wp\/v2\/posts"}],"about":[{"href":"https:\/\/www.europesays.com\/fr\/wp-json\/wp\/v2\/types\/post"}],"author":[{"embeddable":true,"href":"https:\/\/www.europesays.com\/fr\/wp-json\/wp\/v2\/users\/2"}],"replies":[{"embeddable":true,"href":"https:\/\/www.europesays.com\/fr\/wp-json\/wp\/v2\/comments?post=448496"}],"version-history":[{"count":0,"href":"https:\/\/www.europesays.com\/fr\/wp-json\/wp\/v2\/posts\/448496\/revisions"}],"wp:featuredmedia":[{"embeddable":true,"href":"https:\/\/www.europesays.com\/fr\/wp-json\/wp\/v2\/media\/448497"}],"wp:attachment":[{"href":"https:\/\/www.europesays.com\/fr\/wp-json\/wp\/v2\/media?parent=448496"}],"wp:term":[{"taxonomy":"category","embeddable":true,"href":"https:\/\/www.europesays.com\/fr\/wp-json\/wp\/v2\/categories?post=448496"},{"taxonomy":"post_tag","embeddable":true,"href":"https:\/\/www.europesays.com\/fr\/wp-json\/wp\/v2\/tags?post=448496"}],"curies":[{"name":"wp","href":"https:\/\/api.w.org\/{rel}","templated":true}]}}