{"id":448502,"date":"2025-10-08T22:11:11","date_gmt":"2025-10-08T22:11:11","guid":{"rendered":"https:\/\/www.europesays.com\/fr\/448502\/"},"modified":"2025-10-08T22:11:11","modified_gmt":"2025-10-08T22:11:11","slug":"kiev-accuse-la-russie-dune-terreur-deliberee-et-systematique-apres-lattaque-dune-centrale-2","status":"publish","type":"post","link":"https:\/\/www.europesays.com\/fr\/448502\/","title":{"rendered":"Kiev accuse la Russie d\u2019une \u00ab terreur d\u00e9lib\u00e9r\u00e9e et syst\u00e9matique \u00bb apr\u00e8s l\u2019attaque d\u2019une centrale"},"content":{"rendered":"<p class=\"mb-4 text-lg md:leading-8 break-words\"><strong>R\u00e9cap &#8211; \u00ab\u00a020 Minutes\u00a0\u00bb fait le point pour vous tous les soirs sur le conflit en Ukraine. Ce mercredi, la Russie a attaqu\u00e9 une centrale thermique, blessant deux employ\u00e9s et causant de \u00ab\u00a0s\u00e9rieux d\u00e9g\u00e2ts\u00a0\u00bb<\/strong><\/p>\n<p class=\"mb-4 text-lg md:leading-8 break-words\">Vous avez rat\u00e9 les derniers \u00e9v\u00e9nements sur la <a href=\"https:\/\/www.20minutes.fr\/monde\/ukraine\/?at_medium=RSS%20feed&amp;at_campaign=ynews&amp;utm_source=yahoo&amp;utm_medium=rss&amp;utm_campaign=news_feed&amp;utm_content=in_article_link\" rel=\"nofollow noopener\" target=\"_blank\" data-ylk=\"slk:guerre en Ukraine;elm:context_link;itc:0;sec:content-canvas\" class=\"link \">guerre en Ukraine<\/a>\u00a0? 20 Minutes fait le point pour vous tous les soirs. Voici l\u2019essentiel de ce mercredi 8\u00a0octobre, 1.323e jour du conflit.<\/p>\n<p>Le fait du jour<\/p>\n<p class=\"mb-4 text-lg md:leading-8 break-words\">Dans la nuit de mardi \u00e0 mercredi, selon l\u2019arm\u00e9e de l\u2019air ukrainienne, Moscou a attaqu\u00e9 l\u2019Ukraine avec 183 drones, dont 154 ont \u00e9t\u00e9 abattus. Sur la plateforme X, le principal op\u00e9rateur \u00e9nerg\u00e9tique ukrainien, DTEK, a affirm\u00e9 que la <a href=\"https:\/\/www.20minutes.fr\/monde\/russie\/?at_medium=RSS%20feed&amp;at_campaign=ynews&amp;utm_source=yahoo&amp;utm_medium=rss&amp;utm_campaign=news_feed&amp;utm_content=in_article_link\" rel=\"nofollow noopener\" target=\"_blank\" data-ylk=\"slk:Russie;elm:context_link;itc:0;sec:content-canvas\" class=\"link \">Russie<\/a> avait notamment attaqu\u00e9 une centrale thermique, sans pr\u00e9ciser sa localisation, blessant deux employ\u00e9s et causant de \u00ab\u00a0s\u00e9rieux d\u00e9g\u00e2ts\u00a0\u00bb. Le gouverneur de la r\u00e9gion de Tcherniguiv (nord), Viatcheslav Tchaous, a indiqu\u00e9, lui, que des infrastructures ferroviaires, un d\u00e9p\u00f4t de p\u00e9trole et un \u00ab\u00a0site \u00e9nerg\u00e9tique\u00a0\u00bb avaient \u00e9t\u00e9 frapp\u00e9s dans la r\u00e9gion, provoquant des coupures de courant.<\/p>\n<p class=\"mb-4 text-lg md:leading-8 break-words\">La Premi\u00e8re ministre ukrainienne, Ioulia Svyrydenko, a d\u00e9nonc\u00e9 sur X une \u00ab\u00a0terreur d\u00e9lib\u00e9r\u00e9e et syst\u00e9matique\u00a0\u00bb de la Russie pour priver l\u2019Ukraine \u00ab\u00a0de lumi\u00e8re et de chauffage\u00a0\u00bb alors que l\u2019hiver approche. L\u2019arm\u00e9e russe pilonne les installations \u00e9nerg\u00e9tiques, surtout \u00e9lectriques, ukrainiennes depuis\u00a02022, suscitant \u00e0 plusieurs reprises de grandes coupures de courant et de chauffage.<\/p>\n<p>La d\u00e9claration du jour<\/p>\n<p class=\"mb-4 text-lg md:leading-8 break-words\">La Russie a estim\u00e9 mercredi que la dynamique r\u00e9cemment cr\u00e9\u00e9e par la rencontre entre <a href=\"https:\/\/www.20minutes.fr\/monde\/vladimir_poutine\/?at_medium=RSS%20feed&amp;at_campaign=ynews&amp;utm_source=yahoo&amp;utm_medium=rss&amp;utm_campaign=news_feed&amp;utm_content=in_article_link\" rel=\"nofollow noopener\" target=\"_blank\" data-ylk=\"slk:Vladimir Poutine;elm:context_link;itc:0;sec:content-canvas\" class=\"link \">Vladimir Poutine<\/a> et <a href=\"https:\/\/www.20minutes.fr\/dossier\/donald_trump?at_medium=RSS%20feed&amp;at_campaign=ynews&amp;utm_source=yahoo&amp;utm_medium=rss&amp;utm_campaign=news_feed&amp;utm_content=in_article_link\" rel=\"nofollow noopener\" target=\"_blank\" data-ylk=\"slk:Donald Trump;elm:context_link;itc:0;sec:content-canvas\" class=\"link \">Donald Trump<\/a> en Alaska sur la guerre en Ukraine s\u2019\u00e9tait \u00ab\u00a0largement \u00e9puis\u00e9e\u00a0\u00bb, accusant les Europ\u00e9ens d\u2019en \u00eatre responsables.<\/p>\n<p class=\"mb-4 text-lg md:leading-8 break-words\">Alors que les n\u00e9gociations, dans lesqu(&#8230;)<\/p>\n<p class=\"mb-4 text-lg md:leading-8 break-words\"><a href=\"https:\/\/www.20minutes.fr\/monde\/ukraine\/4178071-20251008-guerre-ukraine-kiev-accuse-russie-terreur-deliberee-systematique-apres-attaque-centrale?at_medium=RSS%20feed&amp;at_campaign=ynews&amp;utm_source=yahoo&amp;utm_medium=rss&amp;utm_campaign=news_feed&amp;utm_content=read_more_link&quot;\" rel=\"nofollow noopener\" target=\"_blank\" data-ylk=\"slk:Lire la suite sur 20minutes;elm:context_link;itc:0;sec:content-canvas\" class=\"link \">Lire la suite sur 20minutes<\/a><\/p>\n<p>\u00c0 lire aussi :<br \/><a href=\"https:\/\/www.20minutes.fr\/monde\/ukraine\/4177798-20251007-guerre-ukraine-210-drones-ukrainiens-interceptes-russie-zelensky-vante-industrie-defense?at_medium=RSS%20feed&amp;at_campaign=ynews&amp;utm_source=yahoo&amp;utm_medium=rss&amp;utm_campaign=news_feed&amp;utm_content=related_content_link\" rel=\"nofollow noopener\" target=\"_blank\" data-ylk=\"slk:Guerre en Ukraine\u00a0: 210 drones ukrainiens intercept\u00e9s par la Russie mais Zelensky vante son industrie de D\u00e9fense;elm:context_link;itc:0;sec:content-canvas\" class=\"link \">Guerre en Ukraine\u00a0: 210 drones ukrainiens intercept\u00e9s par la Russie mais Zelensky vante son industrie de D\u00e9fense<\/a><br \/><a href=\"https:\/\/www.20minutes.fr\/monde\/ukraine\/4177530-20251006-guerre-ukraine-zelensky-denonce-presence-composants-etrangers-missiles-drones-russes?at_medium=RSS%20feed&amp;at_campaign=ynews&amp;utm_source=yahoo&amp;utm_medium=rss&amp;utm_campaign=news_feed&amp;utm_content=related_content_link\" rel=\"nofollow noopener\" target=\"_blank\" data-ylk=\"slk:Guerre en Ukraine\u00a0: Zelensky d\u00e9nonce la pr\u00e9sence de composants \u00e9trangers dans les missiles et drones russes;elm:context_link;itc:0;sec:content-canvas\" class=\"link \">Guerre en Ukraine\u00a0: Zelensky d\u00e9nonce la pr\u00e9sence de composants \u00e9trangers dans les missiles et drones russes<\/a><\/p>\n","protected":false},"excerpt":{"rendered":"R\u00e9cap &#8211; \u00ab\u00a020 Minutes\u00a0\u00bb fait le point pour vous tous les soirs sur le conflit en Ukraine. Ce&hellip;\n","protected":false},"author":2,"featured_media":448503,"comment_status":"","ping_status":"","sticky":false,"template":"","format":"standard","meta":{"footnotes":""},"categories":[1590],"tags":[642,11,57425,57426,1777,674,2489,12,132,220],"class_list":{"0":"post-448502","1":"post","2":"type-post","3":"status-publish","4":"format-standard","5":"has-post-thumbnail","7":"category-ukraine","8":"tag-20-minutes","9":"tag-actualites","10":"tag-centrale-thermique","11":"tag-coupures-de-courant","12":"tag-eu","13":"tag-europe","14":"tag-la-russie","15":"tag-news","16":"tag-russie","17":"tag-ukraine"},"share_on_mastodon":{"url":"https:\/\/pubeurope.com\/@fr\/115340842415171457","error":""},"_links":{"self":[{"href":"https:\/\/www.europesays.com\/fr\/wp-json\/wp\/v2\/posts\/448502","targetHints":{"allow":["GET"]}}],"collection":[{"href":"https:\/\/www.europesays.com\/fr\/wp-json\/wp\/v2\/posts"}],"about":[{"href":"https:\/\/www.europesays.com\/fr\/wp-json\/wp\/v2\/types\/post"}],"author":[{"embeddable":true,"href":"https:\/\/www.europesays.com\/fr\/wp-json\/wp\/v2\/users\/2"}],"replies":[{"embeddable":true,"href":"https:\/\/www.europesays.com\/fr\/wp-json\/wp\/v2\/comments?post=448502"}],"version-history":[{"count":0,"href":"https:\/\/www.europesays.com\/fr\/wp-json\/wp\/v2\/posts\/448502\/revisions"}],"wp:featuredmedia":[{"embeddable":true,"href":"https:\/\/www.europesays.com\/fr\/wp-json\/wp\/v2\/media\/448503"}],"wp:attachment":[{"href":"https:\/\/www.europesays.com\/fr\/wp-json\/wp\/v2\/media?parent=448502"}],"wp:term":[{"taxonomy":"category","embeddable":true,"href":"https:\/\/www.europesays.com\/fr\/wp-json\/wp\/v2\/categories?post=448502"},{"taxonomy":"post_tag","embeddable":true,"href":"https:\/\/www.europesays.com\/fr\/wp-json\/wp\/v2\/tags?post=448502"}],"curies":[{"name":"wp","href":"https:\/\/api.w.org\/{rel}","templated":true}]}}