{"id":448504,"date":"2025-10-08T22:12:17","date_gmt":"2025-10-08T22:12:17","guid":{"rendered":"https:\/\/www.europesays.com\/fr\/448504\/"},"modified":"2025-10-08T22:12:17","modified_gmt":"2025-10-08T22:12:17","slug":"apres-les-coupes-budgetaires-americaines-lonu-doit-reduire-de-25-les-effectifs-de-casques-bleus-dans-le-monde","status":"publish","type":"post","link":"https:\/\/www.europesays.com\/fr\/448504\/","title":{"rendered":"Apr\u00e8s les coupes budg\u00e9taires am\u00e9ricaines, l\u2019ONU doit r\u00e9duire de 25\u00a0% les effectifs de Casques bleus dans le monde"},"content":{"rendered":"<p>Entre 13.000 et 14.000 <a href=\"https:\/\/www.20minutes.fr\/dossier\/casques_bleus\" class=\"c-link c-link--is-underlined\" target=\"_blank\" rel=\"noopener\">Casques bleus<\/a> en moins. Faute de financements, l\u2019ONU est contrainte \u00e0 r\u00e9duire d\u2019environ 25\u00a0% ses effectifs de maintien de la paix dans les prochains mois, a indiqu\u00e9 mercredi un haut responsable onusien, sous couvert d\u2019anonymat. Un manque de fonds principalement li\u00e9 aux coupes am\u00e9ricaines, pr\u00e9cise cette m\u00eame source.<\/p>\n<p>\u00ab\u00a0Nous allons devoir rapatrier, r\u00e9duire d\u2019environ 25\u00a0% le nombre de nos effectifs de maintien de la paix militaires et policiers, ainsi que leur \u00e9quipement, et un nombre important d\u2019employ\u00e9s civils des missions vont \u00e9galement \u00eatre touch\u00e9s\u00a0\u00bb, a-t-il ajout\u00e9.<\/p>\n<\/p>\n<p>682\u00a0millions au lieu des 1,3\u00a0milliard pr\u00e9vus<\/p>\n<p>Le budget 2025-2026 des op\u00e9rations (juillet\u00a02025 \u00e0 juin\u00a02026) s\u2019\u00e9l\u00e8ve \u00e0 5,4\u00a0milliards de dollars, dont 1,3\u00a0milliard attendu des \u00c9tats-Unis et 1,2\u00a0milliard de la Chine. Or depuis le retour de Donald Trump \u00e0 la Maison-Blanche en janvier dernier, le gouvernement f\u00e9d\u00e9ral am\u00e9ricain encha\u00eene les coupes budg\u00e9taires, notamment \u00e0 propos de l\u2019aide \u00e0 l\u2019\u00e9tranger.<\/p>\n<p><a href=\"https:\/\/www.20minutes.fr\/dossier\/washington\" class=\"c-link c-link--is-underlined\" target=\"_blank\" rel=\"noopener\">Washington<\/a> a annonc\u00e9 aux Nations Unies que les \u00c9tats-Unis ne verseront que 682\u00a0millions de dollars (environ 500 fois moins que pr\u00e9vu), dont 85\u00a0millions r\u00e9serv\u00e9s pour le futur bureau de soutien \u00e0 la mission internationale antigang en Ha\u00efti. Pour les missions de maintien de la paix, l\u2019ONU anticipe ainsi un d\u00e9ficit de 16 \u00e0 17\u00a0% pour l\u2019exercice en cours.<\/p>\n<p><a href=\"https:\/\/www.20minutes.fr\/dossier\/casques_bleus\" class=\"c-link c-btn c-btn--primary\" target=\"_blank\" rel=\"noopener\">Tous nos articles sur les Casques Bleus<\/a>Un impact \u00ab\u00a0important\u00a0\u00bb<\/p>\n<p>Les onze missions actives de l\u2019organisation avaient pr\u00e9par\u00e9 des sc\u00e9narios d\u2019aust\u00e9rit\u00e9 et la r\u00e9duction d\u2019un quart des troupes sera r\u00e9partie entre elles. \u00ab\u00a0Nous savons qu\u2019il y aura des cons\u00e9quences en termes de surveillance des cessez-le-feu, de protection des civils, de travail avec les humanitaires\u00a0\u00bb, a pr\u00e9venu ce responsable, \u00e9voquant un impact \u00ab\u00a0important\u00a0\u00bb sans pouvoir pour autant le quantifier.<\/p>\n<p>Des Casques bleus sont d\u00e9ploy\u00e9s notamment dans l\u2019est de la <a href=\"https:\/\/www.20minutes.fr\/monde\/republique_democratique_du_congo\/\" class=\"c-link c-link--is-underlined\" target=\"_blank\" rel=\"noopener\">R\u00e9publique d\u00e9mocratique du Congo<\/a>, au sud du Liban, en <a href=\"https:\/\/www.20minutes.fr\/monde\/centrafrique\/\" class=\"c-link c-link--is-underlined\" target=\"_blank\" rel=\"noopener\">Centrafrique<\/a>, au <a href=\"https:\/\/www.20minutes.fr\/monde\/soudan-sud\/\" class=\"c-link c-link--is-underlined\" target=\"_blank\" rel=\"noopener\">Soudan du Sud<\/a> et au Sahara occidental.<\/p>\n","protected":false},"excerpt":{"rendered":"Entre 13.000 et 14.000 Casques bleus en moins. Faute de financements, l\u2019ONU est contrainte \u00e0 r\u00e9duire d\u2019environ 25\u00a0%&hellip;\n","protected":false},"author":2,"featured_media":448505,"comment_status":"","ping_status":"","sticky":false,"template":"","format":"standard","meta":{"footnotes":""},"categories":[1589],"tags":[47,11,57427,309,75,73,1866,7760,78,74,12,3521,1864,1865,1863,308],"class_list":{"0":"post-448504","1":"post","2":"type-post","3":"status-publish","4":"format-standard","5":"has-post-thumbnail","7":"category-etats-unis","8":"tag-actualite","9":"tag-actualites","10":"tag-casques-bleus","11":"tag-chine","12":"tag-donald-trump","13":"tag-etats-unis","14":"tag-etats-unis-damerique","15":"tag-haiti","16":"tag-maison-blanche","17":"tag-monde","18":"tag-news","19":"tag-onu","20":"tag-united-states","21":"tag-united-states-of-america","22":"tag-us","23":"tag-usa"},"share_on_mastodon":{"url":"https:\/\/pubeurope.com\/@fr\/115340846307690597","error":""},"_links":{"self":[{"href":"https:\/\/www.europesays.com\/fr\/wp-json\/wp\/v2\/posts\/448504","targetHints":{"allow":["GET"]}}],"collection":[{"href":"https:\/\/www.europesays.com\/fr\/wp-json\/wp\/v2\/posts"}],"about":[{"href":"https:\/\/www.europesays.com\/fr\/wp-json\/wp\/v2\/types\/post"}],"author":[{"embeddable":true,"href":"https:\/\/www.europesays.com\/fr\/wp-json\/wp\/v2\/users\/2"}],"replies":[{"embeddable":true,"href":"https:\/\/www.europesays.com\/fr\/wp-json\/wp\/v2\/comments?post=448504"}],"version-history":[{"count":0,"href":"https:\/\/www.europesays.com\/fr\/wp-json\/wp\/v2\/posts\/448504\/revisions"}],"wp:featuredmedia":[{"embeddable":true,"href":"https:\/\/www.europesays.com\/fr\/wp-json\/wp\/v2\/media\/448505"}],"wp:attachment":[{"href":"https:\/\/www.europesays.com\/fr\/wp-json\/wp\/v2\/media?parent=448504"}],"wp:term":[{"taxonomy":"category","embeddable":true,"href":"https:\/\/www.europesays.com\/fr\/wp-json\/wp\/v2\/categories?post=448504"},{"taxonomy":"post_tag","embeddable":true,"href":"https:\/\/www.europesays.com\/fr\/wp-json\/wp\/v2\/tags?post=448504"}],"curies":[{"name":"wp","href":"https:\/\/api.w.org\/{rel}","templated":true}]}}