{"id":448508,"date":"2025-10-08T22:14:10","date_gmt":"2025-10-08T22:14:10","guid":{"rendered":"https:\/\/www.europesays.com\/fr\/448508\/"},"modified":"2025-10-08T22:14:10","modified_gmt":"2025-10-08T22:14:10","slug":"lallemagne-est-opposee-au-luxembourg-dw-08-10-2025","status":"publish","type":"post","link":"https:\/\/www.europesays.com\/fr\/448508\/","title":{"rendered":"L&rsquo;Allemagne est oppos\u00e9e au Luxembourg \u2013 DW \u2013 08\/10\/2025"},"content":{"rendered":"<p>\u00a0<a class=\"internal-link\" href=\"https:\/\/www.dw.com\/fr\/ligue-des-nations-mannschaft-squadra-azzurra-quarts-de-finale\/a-71990278\" rel=\"nofollow noopener\" target=\"_blank\">L&rsquo;Allemagne\u00a0<\/a>s&rsquo;est inclin\u00e9e sur le terrain de la Slovaquie en septembre dernier (2-0). Les hommes de Julian Nagelsmann se sont repris quelques jours plus tard \u00e0 domicile face \u00e0 l&rsquo;Irlande du Nord (3-1).\u00a0<\/p>\n<p>Malgr\u00e9 cette victoire, la Mannschaft est \u00e0 la troisi\u00e8me place dans le groupe A et elle accuse 3 longueurs de retard sur la Slovaquie.\u00a0<\/p>\n<p>La qualification est en jeu\u00a0<\/p>\n<p>Pour garder ses chances de qualification directe, l&rsquo;Allemagne doit \u00e0 cet effet l&#8217;emporter face au Luxembourg ce jeudi (09.10.2025) :\u00a0<\/p>\n<p><img data-format=\"MASTER_LANDSCAPE\" data-id=\"63958841\" data-url=\"https:\/\/static.dw.com\/image\/63958841_${formatId}.jpg\" data-aspect-ratio=\"16\/9\" alt=\"David Raum (Allemagne) et Joel Campbell (Costa Rica) au Mondial 2022 au Qatar \" style=\"padding-bottom: 56.25%; height: 0; max-height: 0;\"\/>David Raum (Allemagne) et Joel Campbell (Costa Rica) au Mondial 2022 au QatarImage : Robert Michael\/dpa\/picture alliance<\/p>\n<p>\u00ab\u00a0Nous travaillons intens\u00e9ment, non seulement sur le terrain, mais aussi en dehors. Nous essayons d&rsquo;\u00e9laborer un bon plan pour les prochains matchs. Il y a eu certes quelques phases o\u00f9\u00a0nous \u00e9tions un peu instables. Nous voulons corriger cela, surtout dans des matchs de qualifications comme ceux-ci, des matchs aussi importants\u00a0\u00bb, a d\u00e9clar\u00e9 le d\u00e9fenseur David Raum.\u00a0<\/p>\n<p>Le programme des matchs\u00a0<\/p>\n<p>Leaders du groupe G, les Pays Bas seront, ce jeudi (09.10.2025)\u00a0\u00e0 Malte. Une rencontre importante pour les N\u00e9erlandais qui sont \u00e0 \u00e9galit\u00e9 de points avec les Polonais avec dix points. Le Danemark se d\u00e9placera en Bi\u00e9lorussie, la R\u00e9publique Tch\u00e8que d\u00e9fiera pour sa part la Croatie \u00e0 domicile. \u00a0\u00a0<\/p>\n<p>La 7e journ\u00e9e se poursuivra vendredi, avec des matchs d\u00e9cisifs. La Suisse se rendra en Su\u00e8de. La Belgique accueillira la Mac\u00e9doine\u00a0<\/p>\n<p>La France accueille l&rsquo;Azerba\u00efdjan \u00e9galement jeudi. Leaders du groupe D, les Bleus pourraient se passer de leur capitaine. Le joueur du Real Madrid, Kylian Mbapp\u00e9, aurait eu quelques soucis physiques, a estim\u00e9\u00a0le s\u00e9lectionneur Didier Deschamps.\u00a0<\/p>\n<p>\u00a0<\/p>\n<p>\u00a0<\/p>\n","protected":false},"excerpt":{"rendered":"\u00a0L&rsquo;Allemagne\u00a0s&rsquo;est inclin\u00e9e sur le terrain de la Slovaquie en septembre dernier (2-0). Les hommes de Julian Nagelsmann se&hellip;\n","protected":false},"author":2,"featured_media":448509,"comment_status":"","ping_status":"","sticky":false,"template":"","format":"standard","meta":{"footnotes":""},"categories":[1587],"tags":[11,672,1804,1805,1803,1777,674,1801,12,1802],"class_list":{"0":"post-448508","1":"post","2":"type-post","3":"status-publish","4":"format-standard","5":"has-post-thumbnail","7":"category-allemagne","8":"tag-actualites","9":"tag-allemagne","10":"tag-bundesrepublik-deutschland","11":"tag-de","12":"tag-deutschland","13":"tag-eu","14":"tag-europe","15":"tag-germany","16":"tag-news","17":"tag-republique-federale-dallemagne"},"share_on_mastodon":{"url":"https:\/\/pubeurope.com\/@fr\/115340854233528244","error":""},"_links":{"self":[{"href":"https:\/\/www.europesays.com\/fr\/wp-json\/wp\/v2\/posts\/448508","targetHints":{"allow":["GET"]}}],"collection":[{"href":"https:\/\/www.europesays.com\/fr\/wp-json\/wp\/v2\/posts"}],"about":[{"href":"https:\/\/www.europesays.com\/fr\/wp-json\/wp\/v2\/types\/post"}],"author":[{"embeddable":true,"href":"https:\/\/www.europesays.com\/fr\/wp-json\/wp\/v2\/users\/2"}],"replies":[{"embeddable":true,"href":"https:\/\/www.europesays.com\/fr\/wp-json\/wp\/v2\/comments?post=448508"}],"version-history":[{"count":0,"href":"https:\/\/www.europesays.com\/fr\/wp-json\/wp\/v2\/posts\/448508\/revisions"}],"wp:featuredmedia":[{"embeddable":true,"href":"https:\/\/www.europesays.com\/fr\/wp-json\/wp\/v2\/media\/448509"}],"wp:attachment":[{"href":"https:\/\/www.europesays.com\/fr\/wp-json\/wp\/v2\/media?parent=448508"}],"wp:term":[{"taxonomy":"category","embeddable":true,"href":"https:\/\/www.europesays.com\/fr\/wp-json\/wp\/v2\/categories?post=448508"},{"taxonomy":"post_tag","embeddable":true,"href":"https:\/\/www.europesays.com\/fr\/wp-json\/wp\/v2\/tags?post=448508"}],"curies":[{"name":"wp","href":"https:\/\/api.w.org\/{rel}","templated":true}]}}