{"id":448510,"date":"2025-10-08T22:15:37","date_gmt":"2025-10-08T22:15:37","guid":{"rendered":"https:\/\/www.europesays.com\/fr\/448510\/"},"modified":"2025-10-08T22:15:37","modified_gmt":"2025-10-08T22:15:37","slug":"championnats-deurope-de-padel-veterans-la-france-en-force-dans-les-tableaux-open","status":"publish","type":"post","link":"https:\/\/www.europesays.com\/fr\/448510\/","title":{"rendered":"Championnats d\u2019Europe de padel v\u00e9t\u00e9rans : la France en force dans les tableaux Open"},"content":{"rendered":"<p>Les <strong>championnats d\u2019Europe de padel v\u00e9t\u00e9rans par paire<\/strong> battent leur plein, et la <strong>France<\/strong> y est particuli\u00e8rement bien repr\u00e9sent\u00e9e. De nombreuses paires tricolores se sont qualifi\u00e9es pour les <strong>quarts de finale<\/strong> dans les diff\u00e9rentes cat\u00e9gories d\u2019\u00e2ge, aussi bien chez les <strong>messieurs<\/strong> que chez les <strong>dames<\/strong>.<\/p>\n<p>Messieurs : plusieurs duos fran\u00e7ais en quarts<\/p>\n<p>Dans la cat\u00e9gorie <strong>+35 ans<\/strong>, deux paires fran\u00e7aises seront en lice jeudi matin pour une place dans le dernier carr\u00e9 :<\/p>\n<ul class=\"wp-block-list\">\n<li><strong>Matthieu Armagnac \/ Beno\u00eet Th\u00e9ard<\/strong> affronteront les Danois <strong>Mads Thunoe Laudrup \/ Marc Andreas M\u00f8ller<\/strong> \u00e0 <strong>10h30<\/strong>.<\/li>\n<li><strong>Adrien Maigret \/ Maxime Forcin<\/strong>, autre duo exp\u00e9riment\u00e9, seront oppos\u00e9s aux Italiens <strong>Nicola Remedi \/ Luca Mezzetti<\/strong> \u00e0 <strong>10h30<\/strong> \u00e9galement.<\/li>\n<\/ul>\n<p>Chez les <strong>+40 ans<\/strong>, la paire <strong>Morgan Mannarino \/ Norman Sanchez<\/strong> croisera la route du duo italien <strong>Alessio Luchetti \/ David Verde<\/strong> \u00e0 <strong>9h<\/strong> pour un duel France \u2013 Italie.<\/p>\n<p>En <strong>+45 ans<\/strong>, deux paires fran\u00e7aises seront sur les pistes d\u00e8s <strong>9h<\/strong> :<\/p>\n<ul class=\"wp-block-list\">\n<li><strong>Julien Datcharry \/ Nicolas Kischkewitz<\/strong> face aux N\u00e9erlandais <strong>Jasper Sebastian Smit \/ Martijn Robbert Van Haasteren<\/strong>.<\/li>\n<li><strong>Arnaud Di Pasquale \/ Arnaud Cl\u00e9ment<\/strong>, nos deux anciens tennismen professionnels, affronteront <strong>Hector Carlos Palacios \/ Daniel Picard<\/strong>.<\/li>\n<\/ul>\n<p>En <strong>+50 ans<\/strong>, la paire <strong>Christophe Henry \/ Fr\u00e9d\u00e9ric Loriedo<\/strong> a livr\u00e9 une belle bataille avant de s\u2019incliner en <strong>trois sets (7\/6 4\/6 7\/6)<\/strong> en huiti\u00e8mes de finale. Il n\u2019y a plus de repr\u00e9sentants fran\u00e7ais dans cette cat\u00e9gorie.<\/p>\n<p>Enfin, dans la cat\u00e9gorie <strong>+55 ans<\/strong>, les Fran\u00e7ais <strong>Olivier Launo \/ Olivier Romary<\/strong> disputeront leur quart jeudi \u00e0 <strong>12h<\/strong> face aux Espagnols <strong>Jos\u00e9 Maria Oltra \/ Jaime Morey<\/strong>.<\/p>\n<p>Dames : les Fran\u00e7aises aussi bien pr\u00e9sentes<\/p>\n<p>Chez les <strong>+35 ans<\/strong>, <strong>Charlotte Soubri\u00e9 \/ Melissa Martin<\/strong> seront oppos\u00e9es \u00e0 <strong>Alicia Keppenne \/ Astrid Dierckx<\/strong> \u00e0 <strong>20h<\/strong>.<\/p>\n<p>En <strong>+40 ans<\/strong>, <strong>Marie Lefevre \/ Julie P\u00e9castaing<\/strong> affronteront <strong>Veera Nurmi \/ Michaela Bj\u00f6rnstr\u00f6m<\/strong> \u00e0 <strong>19h<\/strong>.<\/p>\n<p>Chez les <strong>+45 ans<\/strong>, <strong>Am\u00e9lie Detrivi\u00e8re \/ Catherine Lalanne<\/strong> tenteront de d\u00e9crocher leur place pour les demi-finales face au duo belge <strong>Sophie Hosten \/ Sofie Werckx<\/strong> \u00e0 <strong>19h<\/strong>.<\/p>\n<p>En <strong>+50 ans<\/strong>, deux paires fran\u00e7aises seront en action :<\/p>\n<ul class=\"wp-block-list\">\n<li><strong>Emmelien Lambregts \/ G\u00e9raldine Sorel<\/strong> face aux Italiennes <strong>Sandra Lazzeretti \/ Marcella Lorenzin<\/strong> \u00e0 <strong>20h<\/strong>,<\/li>\n<li><strong>C\u00e9line Verdier \/ Alexandra Fouquet<\/strong> contre <strong>Nicole Wehrberger \/ Kristina Clement<\/strong>, \u00e9galement \u00e0 <strong>20h<\/strong>.<\/li>\n<\/ul>\n<p>Enfin, en <strong>+55 ans<\/strong>, <strong>Nathalie Mancion \/ Catherine Bignotti<\/strong> joueront \u00e0 <strong>19h30<\/strong> face au duo allemand <strong>Petra Lohse \/ Petra Richter<\/strong>.<\/p>\n<p><img loading=\"lazy\" decoding=\"async\" data-del=\"avatar\" alt=\"Franck Binisti\" src=\"https:\/\/www.europesays.com\/fr\/wp-content\/uploads\/2025\/04\/Franck-Binisti-Padel-100x100.jpg\" class=\"avatar pp-user-avatar avatar-100 photo \" height=\"100\" width=\"100\"\/><\/p>\n<p>Franck Binisti d\u00e9couvre le padel au Club des Pyramides en 2009 en r\u00e9gion parisienne. Depuis, le padel fait partie de sa vie. Vous le voyez souvent faire le tour de France en allant couvrir les grands \u00e9v\u00e9nements de padel fran\u00e7ais.<\/p>\n<p class=\"related-title\">Sur le m\u00eame sujet<\/p>\n","protected":false},"excerpt":{"rendered":"Les championnats d\u2019Europe de padel v\u00e9t\u00e9rans par paire battent leur plein, et la France y est particuli\u00e8rement bien&hellip;\n","protected":false},"author":2,"featured_media":448511,"comment_status":"","ping_status":"","sticky":false,"template":"","format":"standard","meta":{"footnotes":""},"categories":[1586],"tags":[11,57398,1777,674,1011,27,12,25,34365],"class_list":{"0":"post-448510","1":"post","2":"type-post","3":"status-publish","4":"format-standard","5":"has-post-thumbnail","7":"category-europe","8":"tag-actualites","9":"tag-championnats-deurope-seniors-plus","10":"tag-eu","11":"tag-europe","12":"tag-fr","13":"tag-france","14":"tag-news","15":"tag-republique-francaise","16":"tag-veterans"},"share_on_mastodon":{"url":"https:\/\/pubeurope.com\/@fr\/115340858404263038","error":""},"_links":{"self":[{"href":"https:\/\/www.europesays.com\/fr\/wp-json\/wp\/v2\/posts\/448510","targetHints":{"allow":["GET"]}}],"collection":[{"href":"https:\/\/www.europesays.com\/fr\/wp-json\/wp\/v2\/posts"}],"about":[{"href":"https:\/\/www.europesays.com\/fr\/wp-json\/wp\/v2\/types\/post"}],"author":[{"embeddable":true,"href":"https:\/\/www.europesays.com\/fr\/wp-json\/wp\/v2\/users\/2"}],"replies":[{"embeddable":true,"href":"https:\/\/www.europesays.com\/fr\/wp-json\/wp\/v2\/comments?post=448510"}],"version-history":[{"count":0,"href":"https:\/\/www.europesays.com\/fr\/wp-json\/wp\/v2\/posts\/448510\/revisions"}],"wp:featuredmedia":[{"embeddable":true,"href":"https:\/\/www.europesays.com\/fr\/wp-json\/wp\/v2\/media\/448511"}],"wp:attachment":[{"href":"https:\/\/www.europesays.com\/fr\/wp-json\/wp\/v2\/media?parent=448510"}],"wp:term":[{"taxonomy":"category","embeddable":true,"href":"https:\/\/www.europesays.com\/fr\/wp-json\/wp\/v2\/categories?post=448510"},{"taxonomy":"post_tag","embeddable":true,"href":"https:\/\/www.europesays.com\/fr\/wp-json\/wp\/v2\/tags?post=448510"}],"curies":[{"name":"wp","href":"https:\/\/api.w.org\/{rel}","templated":true}]}}