{"id":448512,"date":"2025-10-08T22:17:11","date_gmt":"2025-10-08T22:17:11","guid":{"rendered":"https:\/\/www.europesays.com\/fr\/448512\/"},"modified":"2025-10-08T22:17:11","modified_gmt":"2025-10-08T22:17:11","slug":"le-premier-ministre-du-groenland-souhaite-accelerer-la-cooperation-avec-lunion-europeenne","status":"publish","type":"post","link":"https:\/\/www.europesays.com\/fr\/448512\/","title":{"rendered":"Le Premier ministre du Groenland souhaite acc\u00e9l\u00e9rer la coop\u00e9ration avec l&rsquo;Union europ\u00e9enne"},"content":{"rendered":"<p>La visite du Premier ministre groenlandais fait suite \u00e0 une \u00ab\u00a0ann\u00e9e dramatique\u00a0\u00bb pour son pays, a d\u00e9clar\u00e9 Jens-Frederik Nielsen, sans faire explicitement r\u00e9f\u00e9rence <a href=\"https:\/\/www.rtbf.be\/article\/donald-trump-et-le-groenland-les-groenlandais-commencent-vraiment-a-realiser-qu-ils-ont-beaucoup-plus-de-valeur-que-ce-qu-ils-pensaient-11492640\" rel=\"nofollow noopener\" target=\"_blank\">aux menaces du pr\u00e9sident am\u00e9ricain Donald Trump d&rsquo;annexer l&rsquo;\u00eele.<\/a> \u00ab\u00a0Le monde change, et il change rapidement. Le Groenland a besoin de l&rsquo;Union europ\u00e9enne et l&rsquo;Union europ\u00e9enne a besoin du Groenland\u00a0\u00bb, a-t-il dit. \u00ab\u00a0Notre secteur minier \u00e9mergent est sur le point de devenir un acteur important dans la s\u00e9curisation de l&rsquo;approvisionnement en mati\u00e8res premi\u00e8res strat\u00e9giques et critiques pour l&rsquo;UE et le monde\u00a0\u00bb, a-t-il poursuivi, ajoutant que le Groenland dispose de 24 des 34 mati\u00e8res premi\u00e8res critiques identifi\u00e9es par l&rsquo;UE.<\/p>\n<p>L&rsquo;Union et le Groenland ont conclu en 2023 un partenariat strat\u00e9gique sur les cha\u00eenes d&rsquo;approvisionnement durables en mati\u00e8res premi\u00e8res.\u00a0<\/p>\n<p>Apr\u00e8s son discours, Jens-Frederik Nielsen a d\u00e9clar\u00e9 \u00e0 la presse que le Groenland, qui a quitt\u00e9 l&rsquo;UE il y a quarante ans, n&rsquo;avait pas l&rsquo;intention de rejoindre le bloc. \u00ab\u00a0Nous n&rsquo;allons pas nous associer \u00e0 un autre pays\u00a0\u00bb, a-t-il d\u00e9clar\u00e9, cit\u00e9 par Euronews. Lors d&rsquo;une conf\u00e9rence de presse, il a \u00e9galement d\u00e9clar\u00e9 qu&rsquo;une coop\u00e9ration plus \u00e9troite avec l&rsquo;UE n&rsquo;excluait pas la possibilit\u00e9 de coop\u00e9rer avec d&rsquo;autres pays et r\u00e9gions. Il n&rsquo;\u00e9carte pas non plus un rapprochement avec les \u00c9tats-Unis, mais uniquement \u00ab\u00a0si cela se fait dans le respect mutuel et dans le respect du droit international\u00a0\u00bb.<\/p>\n","protected":false},"excerpt":{"rendered":"La visite du Premier ministre groenlandais fait suite \u00e0 une \u00ab\u00a0ann\u00e9e dramatique\u00a0\u00bb pour son pays, a d\u00e9clar\u00e9 Jens-Frederik&hellip;\n","protected":false},"author":2,"featured_media":448513,"comment_status":"","ping_status":"","sticky":false,"template":"","format":"standard","meta":{"footnotes":""},"categories":[1586],"tags":[11,1777,674,1779,1011,27,12,25,1778,364],"class_list":{"0":"post-448512","1":"post","2":"type-post","3":"status-publish","4":"format-standard","5":"has-post-thumbnail","7":"category-europe","8":"tag-actualites","9":"tag-eu","10":"tag-europe","11":"tag-european-union","12":"tag-fr","13":"tag-france","14":"tag-news","15":"tag-republique-francaise","16":"tag-ue","17":"tag-union-europeenne"},"share_on_mastodon":{"url":"https:\/\/pubeurope.com\/@fr\/115340865952879458","error":""},"_links":{"self":[{"href":"https:\/\/www.europesays.com\/fr\/wp-json\/wp\/v2\/posts\/448512","targetHints":{"allow":["GET"]}}],"collection":[{"href":"https:\/\/www.europesays.com\/fr\/wp-json\/wp\/v2\/posts"}],"about":[{"href":"https:\/\/www.europesays.com\/fr\/wp-json\/wp\/v2\/types\/post"}],"author":[{"embeddable":true,"href":"https:\/\/www.europesays.com\/fr\/wp-json\/wp\/v2\/users\/2"}],"replies":[{"embeddable":true,"href":"https:\/\/www.europesays.com\/fr\/wp-json\/wp\/v2\/comments?post=448512"}],"version-history":[{"count":0,"href":"https:\/\/www.europesays.com\/fr\/wp-json\/wp\/v2\/posts\/448512\/revisions"}],"wp:featuredmedia":[{"embeddable":true,"href":"https:\/\/www.europesays.com\/fr\/wp-json\/wp\/v2\/media\/448513"}],"wp:attachment":[{"href":"https:\/\/www.europesays.com\/fr\/wp-json\/wp\/v2\/media?parent=448512"}],"wp:term":[{"taxonomy":"category","embeddable":true,"href":"https:\/\/www.europesays.com\/fr\/wp-json\/wp\/v2\/categories?post=448512"},{"taxonomy":"post_tag","embeddable":true,"href":"https:\/\/www.europesays.com\/fr\/wp-json\/wp\/v2\/tags?post=448512"}],"curies":[{"name":"wp","href":"https:\/\/api.w.org\/{rel}","templated":true}]}}