{"id":448524,"date":"2025-10-08T22:24:14","date_gmt":"2025-10-08T22:24:14","guid":{"rendered":"https:\/\/www.europesays.com\/fr\/448524\/"},"modified":"2025-10-08T22:24:14","modified_gmt":"2025-10-08T22:24:14","slug":"rick-macci-demonte-zverev-apres-sa-sortie-sur-sinner-et-alcaraz","status":"publish","type":"post","link":"https:\/\/www.europesays.com\/fr\/448524\/","title":{"rendered":"Rick Macci d\u00e9monte Zverev apr\u00e8s sa sortie sur Sinner et Alcaraz"},"content":{"rendered":"<p>                <img decoding=\"async\" src=\"https:\/\/www.europesays.com\/fr\/wp-content\/uploads\/2025\/10\/IIzJ.jpg\" fetchpriority=\"high\" alt=\"\u00ab C\u2019est vraiment mesquin \u00bb : Rick Macci d\u00e9monte Zverev apr\u00e8s sa sortie sur Sinner et Alcaraz\"\/><\/p>\n<p>Les propos d\u2019Alexander Zverev sur la vitesse des courts et un favoritisme suppos\u00e9 envers Sinner et Alcaraz n\u2019ont pas plu \u00e0 tout le monde. Rick Macci, ancien coach des s\u0153urs Williams, a s\u00e8chement recadr\u00e9 l\u2019Allemand sur les r\u00e9seaux sociaux.<\/p>\n<p>Les propos d\u2019Alexander Zverev au d\u00e9but du Masters 1000 de Shanghai avaient donn\u00e9 lieu \u00e0 de nombreuses discussions.<\/p>\n<p>L\u2019Allemand, depuis \u00e9limin\u00e9 par Arthur Rinderknech en huiti\u00e8mes de finale, s\u2019\u00e9tait plaint de l\u2019uniformisation des surfaces et de la volont\u00e9 des tournois de favoriser Jannik Sinner et Carlos Alcaraz.<\/p>\n<p>Ancien entra\u00eeneur des s\u0153urs Williams et toujours pr\u00eat \u00e0 \u00e9changer sur les r\u00e9seaux sociaux, Rick Macci n\u2019y est pas all\u00e9 de main morte au moment d\u2019\u00e9voquer cette d\u00e9claration de Zverev :<\/p>\n<p>\u00ab Zverev et les autres r\u00e2lent en disant que les directeurs ajustent la vitesse des courts pour favoriser Alcaraz et Sinner. C\u2019est vraiment mesquin, juste parce qu\u2019ils sont \u00e0 un autre niveau. Il suffit de s\u2019am\u00e9liorer sur n\u2019importe quelle vitesse de court et \u00e7a n\u2019aura plus d\u2019importance. \u00bb<\/p>\n","protected":false},"excerpt":{"rendered":"Les propos d\u2019Alexander Zverev sur la vitesse des courts et un favoritisme suppos\u00e9 envers Sinner et Alcaraz n\u2019ont&hellip;\n","protected":false},"author":2,"featured_media":448525,"comment_status":"","ping_status":"","sticky":false,"template":"","format":"standard","meta":{"footnotes":""},"categories":[1415],"tags":[1011,27,60,1467],"class_list":{"0":"post-448524","1":"post","2":"type-post","3":"status-publish","4":"format-standard","5":"has-post-thumbnail","7":"category-tennis","8":"tag-fr","9":"tag-france","10":"tag-sports","11":"tag-tennis"},"share_on_mastodon":{"url":"https:\/\/pubeurope.com\/@fr\/115340894524262412","error":""},"_links":{"self":[{"href":"https:\/\/www.europesays.com\/fr\/wp-json\/wp\/v2\/posts\/448524","targetHints":{"allow":["GET"]}}],"collection":[{"href":"https:\/\/www.europesays.com\/fr\/wp-json\/wp\/v2\/posts"}],"about":[{"href":"https:\/\/www.europesays.com\/fr\/wp-json\/wp\/v2\/types\/post"}],"author":[{"embeddable":true,"href":"https:\/\/www.europesays.com\/fr\/wp-json\/wp\/v2\/users\/2"}],"replies":[{"embeddable":true,"href":"https:\/\/www.europesays.com\/fr\/wp-json\/wp\/v2\/comments?post=448524"}],"version-history":[{"count":0,"href":"https:\/\/www.europesays.com\/fr\/wp-json\/wp\/v2\/posts\/448524\/revisions"}],"wp:featuredmedia":[{"embeddable":true,"href":"https:\/\/www.europesays.com\/fr\/wp-json\/wp\/v2\/media\/448525"}],"wp:attachment":[{"href":"https:\/\/www.europesays.com\/fr\/wp-json\/wp\/v2\/media?parent=448524"}],"wp:term":[{"taxonomy":"category","embeddable":true,"href":"https:\/\/www.europesays.com\/fr\/wp-json\/wp\/v2\/categories?post=448524"},{"taxonomy":"post_tag","embeddable":true,"href":"https:\/\/www.europesays.com\/fr\/wp-json\/wp\/v2\/tags?post=448524"}],"curies":[{"name":"wp","href":"https:\/\/api.w.org\/{rel}","templated":true}]}}