{"id":448526,"date":"2025-10-08T22:25:30","date_gmt":"2025-10-08T22:25:30","guid":{"rendered":"https:\/\/www.europesays.com\/fr\/448526\/"},"modified":"2025-10-08T22:25:30","modified_gmt":"2025-10-08T22:25:30","slug":"basket-la-federation-francaise-est-interessee-pour-accueillir-la-coupe-du-monde-2031","status":"publish","type":"post","link":"https:\/\/www.europesays.com\/fr\/448526\/","title":{"rendered":"Basket. La F\u00e9d\u00e9ration fran\u00e7aise est \u00ab\u00a0int\u00e9ress\u00e9e\u00a0\u00bb pour accueillir la Coupe du monde 2031 ."},"content":{"rendered":"<p>La France pourrait organiser pour la premi\u00e8re fois une Coupe du monde de <a href=\"https:\/\/www.ouest-france.fr\/sport\/basket\/\" target=\"_blank\" rel=\"noopener\">basket<\/a>, en 2031.<strong> \u00ab\u00a0<a href=\"https:\/\/rennes.maville.com\/sport\/detail_-basket.-la-france-souhaite-organiser-la-coupe-du-monde-2031-un-retour-en-europe-17-ans-plus-tard-_54135-6948469_actu.Htm\" target=\"_blank\" rel=\"noopener\">On est sur une phase d\u2019\u00e9tude car le cahier des charges sortira mi-janvier<\/a>. On est int\u00e9ress\u00e9s pour candidater, mais il faut qu\u2019on regarde la faisabilit\u00e9 \u00e9conomique, ce sont des budgets tr\u00e8s importants, il faut des engagements et des garanties de partenaires priv\u00e9s et publics\u00a0\u00bb,<\/strong> r\u00e9sume le pr\u00e9sident de la F\u00e9d\u00e9ration fran\u00e7aise de basket Pierre Hunckler \u00e0 l\u2019AFP, confirmant une information de L\u2019\u00c9quipe publi\u00e9e au mois d\u2019ao\u00fbt.<\/p>\n<p>Les candidatures officielles pourront \u00eatre d\u00e9pos\u00e9es d\u00e8s avril\u00a02026, pour une d\u00e9signation en mars\u00a02027 &#8211; ann\u00e9e o\u00f9 se tiendra la prochaine \u00e9dition de la Coupe du monde masculine de basket, au Qatar.<strong> \u00ab\u00a0C\u2019est une grosse comp\u00e9tition dans le sens o\u00f9 la F\u00e9d\u00e9ration internationale souhaiterait que ce soit un seul et unique pays qui organise, alors que pour le moment on est plut\u00f4t sur des premiers tours partag\u00e9s sur deux ou trois pays, avec souvent un pays qui prend un premier tour plus la phase finale\u00a0\u00bb,<\/strong> souligne Jean-Pierre Hunckler.<\/p>\n<p><strong>Lire aussi. <\/strong> <a href=\"https:\/\/rennes.maville.com\/sport\/detail_--on-a-aucune-assurance-frederic-fauthoux-comprend-l-absence-de-wembanyama-a-l-eurobasket-_54135-6973951_actu.Htm\" target=\"_blank\" rel=\"noopener\">\u00ab On n\u2019a aucune assurance \u00bb : Fr\u00e9d\u00e9ric Fauthoux comprend l\u2019absence de Wembanyama \u00e0 l\u2019EuroBasket<\/a><\/p>\n<p>Il met en avant le fait que l\u2019\u00e9v\u00e9nement r\u00e9unira <strong>\u00ab\u00a032\u00a0\u00e9quipes, soit 92\u00a0matches, c\u2019est-\u00e0-dire trois fois les Jeux olympiques\u00a0\u00bb<\/strong>. La France n\u2019a plus organis\u00e9 de tournoi majeur depuis 2015, un Euro partag\u00e9 entre quatre pays \u00e0 l\u2019\u00e9poque avec l\u2019Allemagne, la Croatie et la Lettonie.<\/p>\n<p>Il n\u2019y a \u00ab\u00a0jamais eu de Coupe du monde de basket en France\u00a0\u00bb<\/p>\n<p><strong>\u00ab\u00a0On regarde, car il n\u2019y a jamais eu de Coupe du monde de basket en France. Il y a pas mal de choses qui s\u2019alignent. La F\u00e9d\u00e9ration internationale estime que s\u2019il y a un pays qui peut organiser \u00e7a en Europe, c\u2019est la France. On sort des Jeux olympiques<\/strong> (de Paris 2024) <strong>qui ont \u00e9t\u00e9 euphoriques, la billetterie du basket a repr\u00e9sent\u00e9 10\u00a0% de la billetterie des Jeux olympiques, 1,1\u00a0million de spectateurs, c\u2019est pharaonique\u00a0\u00bb,<\/strong> se f\u00e9licite le pr\u00e9sident de la FFBB.<\/p>\n<p>Il indique avoir <strong>\u00ab\u00a0d\u00e9j\u00e0 pr\u00e9sent\u00e9 un pr\u00e9-projet fin juillet\u00a0\u00bb<\/strong> aux instances gouvernementales, \u00ab<strong>\u00a0l\u2019ordre d\u2019id\u00e9e ce serait 18\u00a0000\u00a0nuit\u00e9es rien que pour les staffs et les joueurs, ce n\u2019est pas un petit \u00e9v\u00e9nement, \u00e0 cela il faut rajouter l\u2019encadrement et la f\u00e9d\u00e9ration internationale\u00a0\u00bb<\/strong>.<\/p>\n<p>Un vrai sujet\u00a0: l\u2019h\u00e9bergement<\/p>\n<p>Au niveau des infrastructures en France, <strong>\u00ab\u00a0on a la chance d\u2019avoir des Arenas de qualit\u00e9. Par contre, il y a un vrai sujet au niveau de l\u2019h\u00f4tellerie, car il manque ce qu\u2019on appelle des gros porteurs\u00a0: la F\u00e9d\u00e9ration internationale souhaite que normalement toutes les \u00e9quipes soient dans le m\u00eame h\u00f4tel. Et les surfaces des chambres peuvent poser probl\u00e8me aussi, quand vous avez un joueur ou une joueuse qui reste quinze jours dans une chambre de 20\u00a0m\u00b2&#8230; C\u2019est un vrai sujet\u00a0\u00bb<\/strong>, selon Jean-Pierre Hunckler.<\/p>\n<p>Il estime \u00e9galement qu\u2019<strong>\u00ab\u00a0il y aura s\u00fbrement deux ou trois candidatures\u00a0\u00bb<\/strong> \u00e0 ce Mondial 2031.<\/p>\n<p>\u00a0<\/p>\n","protected":false},"excerpt":{"rendered":"La France pourrait organiser pour la premi\u00e8re fois une Coupe du monde de basket, en 2031. \u00ab\u00a0On est&hellip;\n","protected":false},"author":2,"featured_media":448527,"comment_status":"","ping_status":"","sticky":false,"template":"","format":"standard","meta":{"footnotes":""},"categories":[1414],"tags":[1111,3809,1465,1464,63,1011,27,1792,1922,766,479,517,60,1470],"class_list":{"0":"post-448526","1":"post","2":"type-post","3":"status-publish","4":"format-standard","5":"has-post-thumbnail","7":"category-basket","8":"tag-actu","9":"tag-ball","10":"tag-basket","11":"tag-basketball","12":"tag-football","13":"tag-fr","14":"tag-france","15":"tag-handball","16":"tag-info","17":"tag-nantes","18":"tag-rugby","19":"tag-sport","20":"tag-sports","21":"tag-volley"},"share_on_mastodon":{"url":"https:\/\/pubeurope.com\/@fr\/115340897389299525","error":""},"_links":{"self":[{"href":"https:\/\/www.europesays.com\/fr\/wp-json\/wp\/v2\/posts\/448526","targetHints":{"allow":["GET"]}}],"collection":[{"href":"https:\/\/www.europesays.com\/fr\/wp-json\/wp\/v2\/posts"}],"about":[{"href":"https:\/\/www.europesays.com\/fr\/wp-json\/wp\/v2\/types\/post"}],"author":[{"embeddable":true,"href":"https:\/\/www.europesays.com\/fr\/wp-json\/wp\/v2\/users\/2"}],"replies":[{"embeddable":true,"href":"https:\/\/www.europesays.com\/fr\/wp-json\/wp\/v2\/comments?post=448526"}],"version-history":[{"count":0,"href":"https:\/\/www.europesays.com\/fr\/wp-json\/wp\/v2\/posts\/448526\/revisions"}],"wp:featuredmedia":[{"embeddable":true,"href":"https:\/\/www.europesays.com\/fr\/wp-json\/wp\/v2\/media\/448527"}],"wp:attachment":[{"href":"https:\/\/www.europesays.com\/fr\/wp-json\/wp\/v2\/media?parent=448526"}],"wp:term":[{"taxonomy":"category","embeddable":true,"href":"https:\/\/www.europesays.com\/fr\/wp-json\/wp\/v2\/categories?post=448526"},{"taxonomy":"post_tag","embeddable":true,"href":"https:\/\/www.europesays.com\/fr\/wp-json\/wp\/v2\/tags?post=448526"}],"curies":[{"name":"wp","href":"https:\/\/api.w.org\/{rel}","templated":true}]}}