{"id":448540,"date":"2025-10-08T22:32:12","date_gmt":"2025-10-08T22:32:12","guid":{"rendered":"https:\/\/www.europesays.com\/fr\/448540\/"},"modified":"2025-10-08T22:32:12","modified_gmt":"2025-10-08T22:32:12","slug":"preview-lune-et-le-serpent-recit-complet","status":"publish","type":"post","link":"https:\/\/www.europesays.com\/fr\/448540\/","title":{"rendered":"Preview Lune et le Serpent R\u00e9cit complet"},"content":{"rendered":"<p>                                <img decoding=\"async\" src=\"https:\/\/www.europesays.com\/fr\/wp-content\/uploads\/2025\/10\/4545_rot_preview.jpg\" class=\"bandeau-top\"\/><\/p>\n<p class=\"preview\">&#13;<br \/>\n                                                        C&#13;<br \/>\n                                et ouvrage est exceptionnel. Il fut tout d&rsquo;abord annonc\u00e9 en 2007, mais le projet a connu plusieurs coups d&rsquo;arr\u00eats, \u00e0 commencer par le d\u00e9c\u00e8s de Steve Moore (en 2014) puis la disparition de Kevin O&rsquo;Neill (en 2022). Alan Moore avait annonc\u00e9 sa retraite de la BD juste apr\u00e8s la publication du dernier opus de La Ligue des Gentlemen Extraordinaires (en 2019), afin de se consacrer enti\u00e8rement \u00e0 la fiction en prose.                        &#13;<br \/>\n&#13;\n                <\/p>\n<p><b> Lire 25 planches<\/b> (Cliquez sur les images ci-dessous et utilisez les fl\u00e8ches  et  pour naviguer)<\/p>\n","protected":false},"excerpt":{"rendered":"&#13; C&#13; et ouvrage est exceptionnel. Il fut tout d&rsquo;abord annonc\u00e9 en 2007, mais le projet a connu&hellip;\n","protected":false},"author":2,"featured_media":448541,"comment_status":"","ping_status":"","sticky":false,"template":"","format":"standard","meta":{"footnotes":""},"categories":[1357],"tags":[36067,26062,36070,16105,9993,36068,1379,10225,19247,36072,634,3136,11104,36069,36071,58,59,1011,27,2861,1380,17009,6681,10719,36066,36065,6180],"class_list":{"0":"post-448540","1":"post","2":"type-post","3":"status-publish","4":"format-standard","5":"has-post-thumbnail","7":"category-livres","8":"tag-argus","9":"tag-bande","10":"tag-bandes","11":"tag-base","12":"tag-bd","13":"tag-bdm","14":"tag-books","15":"tag-collection","16":"tag-comics","17":"tag-comix","18":"tag-cotation","19":"tag-cote","20":"tag-couverture","21":"tag-dessinee","22":"tag-dessines","23":"tag-divertissement","24":"tag-entertainment","25":"tag-fr","26":"tag-france","27":"tag-gestion","28":"tag-livres","29":"tag-logiciel","30":"tag-manga","31":"tag-petites-annonces","32":"tag-prebublication","33":"tag-preview","34":"tag-ventes"},"share_on_mastodon":{"url":"https:\/\/pubeurope.com\/@fr\/115340925170022269","error":""},"_links":{"self":[{"href":"https:\/\/www.europesays.com\/fr\/wp-json\/wp\/v2\/posts\/448540","targetHints":{"allow":["GET"]}}],"collection":[{"href":"https:\/\/www.europesays.com\/fr\/wp-json\/wp\/v2\/posts"}],"about":[{"href":"https:\/\/www.europesays.com\/fr\/wp-json\/wp\/v2\/types\/post"}],"author":[{"embeddable":true,"href":"https:\/\/www.europesays.com\/fr\/wp-json\/wp\/v2\/users\/2"}],"replies":[{"embeddable":true,"href":"https:\/\/www.europesays.com\/fr\/wp-json\/wp\/v2\/comments?post=448540"}],"version-history":[{"count":0,"href":"https:\/\/www.europesays.com\/fr\/wp-json\/wp\/v2\/posts\/448540\/revisions"}],"wp:featuredmedia":[{"embeddable":true,"href":"https:\/\/www.europesays.com\/fr\/wp-json\/wp\/v2\/media\/448541"}],"wp:attachment":[{"href":"https:\/\/www.europesays.com\/fr\/wp-json\/wp\/v2\/media?parent=448540"}],"wp:term":[{"taxonomy":"category","embeddable":true,"href":"https:\/\/www.europesays.com\/fr\/wp-json\/wp\/v2\/categories?post=448540"},{"taxonomy":"post_tag","embeddable":true,"href":"https:\/\/www.europesays.com\/fr\/wp-json\/wp\/v2\/tags?post=448540"}],"curies":[{"name":"wp","href":"https:\/\/api.w.org\/{rel}","templated":true}]}}