{"id":448542,"date":"2025-10-08T22:33:19","date_gmt":"2025-10-08T22:33:19","guid":{"rendered":"https:\/\/www.europesays.com\/fr\/448542\/"},"modified":"2025-10-08T22:33:19","modified_gmt":"2025-10-08T22:33:19","slug":"raymond-aabou-inquiet-pour-sa-sante-apres-plusieurs-alertes-cyril-hanouna-tente-de-le-rassurer","status":"publish","type":"post","link":"https:\/\/www.europesays.com\/fr\/448542\/","title":{"rendered":"Raymond Aabou inquiet pour sa sant\u00e9 apr\u00e8s plusieurs alertes, Cyril Hanouna tente de le rassurer"},"content":{"rendered":"<p>Raymond Aabou rencontre quelques soucis de sant\u00e9. Sur le plateau de Tout beau, tout neuf, ce mercredi 8 octobre, le chroniqueur a partag\u00e9 son inqui\u00e9tude sur le sujet en d\u00e9crivant ses nombreux maux qui ne gu\u00e9rissent pas. <\/p>\n<p>Lors du lancement de <a href=\"https:\/\/www.programme-tv.net\/news\/tv\/389147-tout-beau-tout-neuf-c-a-vous-quotidien-quel-bilan-d-audience-pour-les-talk-shows-un-mois-apres-la-rentree\/\" data-api-deeplink=\"teleloisirs:\/\/news\/389147\" target=\"_blank\" rel=\"noopener\">Tout beau, tout neuf, <\/a>Cyril Hanouna retrouvait les visages phares de Touche pas \u00e0 mon poste et pr\u00e9sentait aussi de nouveaux arrivants au sein du talk-show. Parmi les chroniqueurs d\u00e9j\u00e0 connus des fans de l&rsquo;ancienne \u00e9mission, <a href=\"https:\/\/www.programme-tv.net\/news\/people\/387238-c-est-un-amour-de-jeunesse-raymond-aabou-tout-beau-tout-neuf-fait-de-rares-confidences-sur-la-mere-de-ses-enfants\/\" data-api-deeplink=\"teleloisirs:\/\/news\/387238\" target=\"_blank\" rel=\"noopener\">Raymond Aabou <\/a>r\u00e9pondait pr\u00e9sent \u00e0 l&rsquo;appel, \u00e0 l&rsquo;instar de <a href=\"https:\/\/www.programme-tv.net\/news\/people\/380769-elle-a-eu-un-petit-probleme-valerie-benaim-absente-d-on-marche-sur-la-tete-sur-europe-1-cyril-hanouna-donne-des-nouvelles-de-sa-chroniqueuse\/\" data-api-deeplink=\"teleloisirs:\/\/news\/380769\" target=\"_blank\" rel=\"noopener\">Val\u00e9rie B\u00e9na\u00efm<\/a>, <a href=\"https:\/\/www.programme-tv.net\/biographie\/179572-verdez-gilles\/\" data-link-people=\"ebe64c94-3790-4a64-a7a4-a4fd083b9cf4\" target=\"_blank\" rel=\"noopener\">Gilles Verdez<\/a>, <a href=\"https:\/\/www.programme-tv.net\/biographie\/84416-morini-bosc-isabelle\/\" data-link-people=\"e8d536d5-4a98-4aec-aee8-0871e1551f3a\" target=\"_blank\" rel=\"noopener\">Isabelle Morini-Bosc<\/a> et <a href=\"https:\/\/www.programme-tv.net\/news\/people\/387240-il-est-parti-sans-payer-geraldine-maillet-tout-beau-tout-neuf-fait-une-revelation-sur-son-premier-rendez-vous-avec-daniel-riolo\/\" data-api-deeplink=\"teleloisirs:\/\/news\/387240\" target=\"_blank\" rel=\"noopener\">G\u00e9raldine Maillet<\/a>. Mais apr\u00e8s plus d&rsquo;un mois d&rsquo;antenne, la fatigue due au rythme intense des \u00e9missions commence \u00e0 se faire ressentir chez certains&#8230; Sur le plateau de W9, ce mercredi 8 octobre, Raymond Aabou a fait part de ses inqui\u00e9tudes concernant sa sant\u00e9 qui se d\u00e9t\u00e9riore ces derniers jours.<\/p>\n<p>\u00ab\u00a0Il y a plein de trucs qui ne vont pas\u00a0\u00bb : Raymond Aabou inquiet pour sa sant\u00e9, il d\u00e9voile ses nombreux maux qui persistent<\/p>\n<p>Apr\u00e8s avoir \u00e9t\u00e9 en direct sur Fun Radio une partie de l&rsquo;apr\u00e8s-midi dans l&rsquo;\u00e9mission pr\u00e9sent\u00e9e par Cyril Hanouna, Raymond Aabou a encha\u00een\u00e9 sur le plateau de Tout beau, tout neuf en d\u00e9but de soir\u00e9e. Ce mercredi 8 octobre, il s&rsquo;est plaint de plusieurs maux \u00e0 l&rsquo;antenne, qui suscitent son inqui\u00e9tude : \u00ab\u00a0\u00c7a va la sant\u00e9 ? Il a un truc dans l&rsquo;oeil, il croit qu&rsquo;il va mourir. \u00c7a s&rsquo;appelle un chalazion\u00a0\u00bb, lance Cyril Hanouna \u00e0 <a href=\"https:\/\/www.programme-tv.net\/news\/people\/389322-il-dormait-dans-ma-maison-cyril-hanouna-et-raymond-aabou-ont-passe-plusieurs-mois-ensemble-ils-font-des-confidences-sur-leur-amitie\/\" data-api-deeplink=\"teleloisirs:\/\/news\/389322\" target=\"_blank\" rel=\"noopener\">son ami avec lequel il a pass\u00e9 l&rsquo;\u00e9t\u00e9.<\/a> \u00ab\u00a0J&rsquo;ai mon oeil gauche qui clignote. C&rsquo;est G\u00e9raldine qui l&rsquo;a vu en premier\u00a0\u00bb, a alors r\u00e9pondu Raymond, avant de poursuivre \u00e0 propos de ses autres sympt\u00f4mes : <b>\u00ab\u00a0<\/b><b>J&rsquo;ai une douleur juste au-dessus du coeur<\/b><b>\u00ab\u00a0<\/b>. \u00ab\u00a0Il est stress\u00e9 Raymond en ce moment !\u00a0\u00bb, a constat\u00e9 <a href=\"https:\/\/www.programme-tv.net\/biographie\/75560-maillet-geraldine\/\" data-link-people=\"ed551d46-8ab0-4c95-99cb-6e679875e24c\" target=\"_blank\" rel=\"noopener\">G\u00e9raldine Maillet<\/a>, tandis que le chroniqueur confie : \u00ab\u00a0J&rsquo;ai mal et je ne peux plus dormir sur le c\u00f4t\u00e9 gauche. Le truc le plus grave : je ris et je tousse (&#8230;) <b>Il y a plein de trucs qui ne vont pas, je suis fatigu\u00e9.<\/b> On a commenc\u00e9 la radio \u00e0 15 heures, je transpirais. On ne peut pas transpirer en \u00e9tant assis.\u00a0\u00bb. Il a r\u00e9v\u00e9l\u00e9 qu&rsquo;il devait passer des examens de sant\u00e9 ce jeudi. Apr\u00e8s plusieurs plaisanteries pour d\u00e9tendre son ami, Cyril Hanouna a repris, plus s\u00e9rieusement : \u00ab\u00a0Mais tout le monde le dit, c&rsquo;est un choc psychologique (&#8230;) Regarde, moi, quand j&rsquo;avais perdu mes cl\u00e9s&#8230;\u00a0\u00bb, suscitant les rires autour de la table. \u00ab\u00a0Il n&rsquo;a aucune empathie !\u00a0\u00bb, a r\u00e9torqu\u00e9 <a href=\"https:\/\/www.programme-tv.net\/biographie\/9864-benaim-valerie\/\" data-link-people=\"94df6d69-972b-4696-b537-3e0e6060c661\" target=\"_blank\" rel=\"noopener\">Val\u00e9rie Bena\u00efm<\/a>.<\/p>\n<p>                        \u00ab\u00a0Mon deuxi\u00e8me papa\u00a0\u00bb : Raymond Aabou \u00e9tait absent de Tout beau, tout neuf pendant plusieurs jours en raison d&rsquo;un d\u00e9c\u00e8s dans sa famille<\/p>\n<p>Raymond Aabou a travers\u00e9 une \u00e9preuve compliqu\u00e9e ces derni\u00e8res semaines. Absent pendant plusieurs jours du plateau de Tout beau, tout neuf, le chroniqueur a expliqu\u00e9 lors de son retour <a href=\"https:\/\/www.programme-tv.net\/news\/people\/388297-j-ai-eu-un-deces-dans-ma-famille-raymond-aabou-de-retour-dans-tout-beau-tout-neuf-apres-plusieurs-jours-d-absence-il-donne-des-nouvelles\/\" data-api-deeplink=\"teleloisirs:\/\/news\/388297\" target=\"_blank\" rel=\"noopener\">qu&rsquo;il avait perdu un proche<\/a> : \u00ab\u00a0Merci aux gens qui m&rsquo;ont envoy\u00e9 plein de messages parce que j&rsquo;ai eu un d\u00e9c\u00e8s dans ma famille\u00a0\u00bb, a-t-il d\u00e9clar\u00e9, \u00e9mu, avant de pr\u00e9ciser : \u00ab\u00a0C&rsquo;\u00e9tait comme mon deuxi\u00e8me papa (&#8230;) Je n&rsquo;avais pas la force de venir donc merci pour les messages que vous m&rsquo;avez envoy\u00e9s\u00a0\u00bb.<\/p>\n","protected":false},"excerpt":{"rendered":"Raymond Aabou rencontre quelques soucis de sant\u00e9. Sur le plateau de Tout beau, tout neuf, ce mercredi 8&hellip;\n","protected":false},"author":2,"featured_media":448543,"comment_status":"","ping_status":"","sticky":false,"template":"","format":"standard","meta":{"footnotes":""},"categories":[1356],"tags":[244,1083,58,59,1011,27,43025,252,22497,49534,1364,2395,1630],"class_list":{"0":"post-448542","1":"post","2":"type-post","3":"status-publish","4":"format-standard","5":"has-post-thumbnail","7":"category-television","8":"tag-commentaire","9":"tag-cyril-hanouna","10":"tag-divertissement","11":"tag-entertainment","12":"tag-fr","13":"tag-france","14":"tag-raymond-aabou","15":"tag-television","16":"tag-tout-beau","17":"tag-tout-n9uf","18":"tag-tv","19":"tag-w9","20":"tag-zapping"},"share_on_mastodon":{"url":"https:\/\/pubeurope.com\/@fr\/115340928855452435","error":""},"_links":{"self":[{"href":"https:\/\/www.europesays.com\/fr\/wp-json\/wp\/v2\/posts\/448542","targetHints":{"allow":["GET"]}}],"collection":[{"href":"https:\/\/www.europesays.com\/fr\/wp-json\/wp\/v2\/posts"}],"about":[{"href":"https:\/\/www.europesays.com\/fr\/wp-json\/wp\/v2\/types\/post"}],"author":[{"embeddable":true,"href":"https:\/\/www.europesays.com\/fr\/wp-json\/wp\/v2\/users\/2"}],"replies":[{"embeddable":true,"href":"https:\/\/www.europesays.com\/fr\/wp-json\/wp\/v2\/comments?post=448542"}],"version-history":[{"count":0,"href":"https:\/\/www.europesays.com\/fr\/wp-json\/wp\/v2\/posts\/448542\/revisions"}],"wp:featuredmedia":[{"embeddable":true,"href":"https:\/\/www.europesays.com\/fr\/wp-json\/wp\/v2\/media\/448543"}],"wp:attachment":[{"href":"https:\/\/www.europesays.com\/fr\/wp-json\/wp\/v2\/media?parent=448542"}],"wp:term":[{"taxonomy":"category","embeddable":true,"href":"https:\/\/www.europesays.com\/fr\/wp-json\/wp\/v2\/categories?post=448542"},{"taxonomy":"post_tag","embeddable":true,"href":"https:\/\/www.europesays.com\/fr\/wp-json\/wp\/v2\/tags?post=448542"}],"curies":[{"name":"wp","href":"https:\/\/api.w.org\/{rel}","templated":true}]}}