{"id":448544,"date":"2025-10-08T22:34:11","date_gmt":"2025-10-08T22:34:11","guid":{"rendered":"https:\/\/www.europesays.com\/fr\/448544\/"},"modified":"2025-10-08T22:34:11","modified_gmt":"2025-10-08T22:34:11","slug":"julien-clerc-cette-celebre-chanson-quil-arrete-dinterpreter-sur-scene-car-elle-demande-beaucoup-denergie","status":"publish","type":"post","link":"https:\/\/www.europesays.com\/fr\/448544\/","title":{"rendered":"Julien Clerc : Cette c\u00e9l\u00e8bre chanson qu&rsquo;il arr\u00eat\u00e9 d&rsquo;interpr\u00e9ter sur sc\u00e8ne car \u00ab\u00a0elle demande beaucoup d&rsquo;\u00e9nergie\u00a0\u00bb"},"content":{"rendered":"<p>La suite apr\u00e8s la publicit\u00e9<\/p>\n<p>Ce jeudi <strong>9 octobre 2025<\/strong>, <a href=\"https:\/\/www.purepeople.com\/people\/julien-clerc_p152\" rel=\"nofollow noopener\" target=\"_blank\"><strong>Julien Clerc<\/strong> <\/a>pr\u00eatera sa voix \u00e0 un moment d\u2019histoire. Le chanteur de 78 ans a \u00e9t\u00e9 choisi par<a href=\"https:\/\/www.purepeople.com\/people\/emmanuel-macron_p543847\" rel=\"nofollow noopener\" target=\"_blank\"> Emmanuel Macron <\/a>pour chanter lors de la <strong>c\u00e9r\u00e9monie d\u2019entr\u00e9e au Panth\u00e9on de Robert Badinter<\/strong>, figure embl\u00e9matique de l\u2019abolition de la peine de mort. Un hommage national qui r\u00e9unira les plus hautes autorit\u00e9s de l\u2019\u00c9tat, mais aussi de nombreuses personnalit\u00e9s du monde culturel.<\/p>\n<p>D\u00e9c\u00e9d\u00e9 le 9 f\u00e9vrier 2024 \u00e0 l\u2019\u00e2ge de 96 ans, Robert Badinter restera \u00e0 jamais le symbole de la justice dans l&rsquo;hexagone. Pour Julien Clerc, cette invitation a d&rsquo;ailleurs une signification particuli\u00e8re : elle le ram\u00e8ne \u00e0 l\u2019une des chansons les plus fortes de sa carri\u00e8re,<strong> L\u2019assassin assassin\u00e9<\/strong>, sortie en 1980, en pleine p\u00e9riode de d\u00e9bats sur la peine capitale. \u201cC\u2019est la premi\u00e8re fois que je chante au Panth\u00e9on\u201d, a confi\u00e9<a href=\"https:\/\/www.purepeople.com\/article\/tels-de-jeunes-amoureux-julien-clerc-et-sa-femme-helene-gremillon-nont-pas-de-patrimoine-immobilier-et-ce-nest-pas-une-question-dargent_a541910\/1\" rel=\"nofollow noopener\" target=\"_blank\"> l&rsquo;\u00e9poux d&rsquo;H\u00e9l\u00e8ne Gr\u00e9millon<\/a> au Parisien. \u201cC\u2019est un tr\u00e8s grand honneur d\u2019\u00eatre associ\u00e9 \u00e0 un grand homme. Je n\u2019ai rencontr\u00e9 Robert Badinter que trois fois, mais je l\u2019admire beaucoup, lui et son parcours.\u201d, a-t-il ajout\u00e9.\u00a0<\/p>\n<p>Julien Clerc revient sur le succ\u00e8s de sa chanson L&rsquo;assassin assassin\u00e9\u00a0<\/p>\n<p>\u00c0 travers cette chanson, Julien Clerc avait, sans le savoir, particip\u00e9 \u00e0 sa mani\u00e8re au combat men\u00e9 par Robert Badinter. \u00c9crite par<a href=\"https:\/\/www.purepeople.com\/people\/jean-loup-dabadie_p653\" rel=\"nofollow noopener\" target=\"_blank\"> <strong>Jean-Loup Dabadie<\/strong><\/a>, L\u2019assassin assassin\u00e9 d\u00e9non\u00e7ait la peine de mort et avait profond\u00e9ment marqu\u00e9 les esprits \u00e0 l\u2019\u00e9poque. Dans son entretien, le chanteur s\u2019est souvenu d\u2019un moment marquant : \u201cJ\u2019ai eu la chance d\u2019assister \u00e0 une plaidoirie de Robert Badinter. J\u2019accompagnais Paul Lef\u00e8vre, le chroniqueur judiciaire, lors d\u2019un proc\u00e8s d\u2019assises \u00e0 Toulouse<strong>. Le public \u00e9tait pour la peine de mort, <\/strong>l\u2019ambiance \u00e9tait tendue. Dans ce contexte, la plaidoirie de Robert Badinter avait \u00e9t\u00e9 impressionnante.\u201d Une exp\u00e9rience qui l\u2019a durablement marqu\u00e9 et qui explique pourquoi ce choix musical, pour la c\u00e9r\u00e9monie, n\u2019a rien d\u2019un hasard.<\/p>\n<p>Pourquoi Julien Clerc ne chante plus L&rsquo;assassin assassin\u00e9 sur sc\u00e8ne ?<\/p>\n<p>S\u2019il a accept\u00e9 de la r\u00e9interpr\u00e9ter ce jeudi 9 octobre 2025, Julien Clerc reconna\u00eet qu\u2019il ne chante plus cette chanson depuis longtemps. \u201cPeu de temps apr\u00e8s, en 1980, je l\u2019ai chant\u00e9e quelque temps en tourn\u00e9e.<strong> J\u2019ai arr\u00eat\u00e9 car elle est longue, plus de six minutes, et demande beaucoup d\u2019\u00e9nergie, d\u2019engagement physique<\/strong>\u201d, a-t-il r\u00e9v\u00e9l\u00e9, toujours au Parisien.\u00a0<\/p>\n<p>Cette intensit\u00e9, le chanteur la retrouve tout de m\u00eame encore aujourd\u2019hui. C&rsquo;est d&rsquo;ailleurs pour cette raison qu&rsquo;il pr\u00e9sentera une version revisit\u00e9e : \u201cCe jeudi, je vais l\u2019interpr\u00e9ter dans une version expurg\u00e9e. On a gard\u00e9 la substantifique moelle en quatre minutes, avec de nouveaux arrangements. Je serai accompagn\u00e9 d\u2019un piano et de claviers\u201d. Preuve que 45 ans apr\u00e8s la sortie de sa chanson, L\u2019assassin assassin\u00e9 conserve son \u00e9cho.<\/p>\n","protected":false},"excerpt":{"rendered":"La suite apr\u00e8s la publicit\u00e9 Ce jeudi 9 octobre 2025, Julien Clerc pr\u00eatera sa voix \u00e0 un moment&hellip;\n","protected":false},"author":2,"featured_media":448545,"comment_status":"","ping_status":"","sticky":false,"template":"","format":"standard","meta":{"footnotes":""},"categories":[1355],"tags":[58,59,1011,27,1361,873],"class_list":{"0":"post-448544","1":"post","2":"type-post","3":"status-publish","4":"format-standard","5":"has-post-thumbnail","7":"category-musique","8":"tag-divertissement","9":"tag-entertainment","10":"tag-fr","11":"tag-france","12":"tag-music","13":"tag-musique"},"share_on_mastodon":{"url":"https:\/\/pubeurope.com\/@fr\/115340932984325083","error":""},"_links":{"self":[{"href":"https:\/\/www.europesays.com\/fr\/wp-json\/wp\/v2\/posts\/448544","targetHints":{"allow":["GET"]}}],"collection":[{"href":"https:\/\/www.europesays.com\/fr\/wp-json\/wp\/v2\/posts"}],"about":[{"href":"https:\/\/www.europesays.com\/fr\/wp-json\/wp\/v2\/types\/post"}],"author":[{"embeddable":true,"href":"https:\/\/www.europesays.com\/fr\/wp-json\/wp\/v2\/users\/2"}],"replies":[{"embeddable":true,"href":"https:\/\/www.europesays.com\/fr\/wp-json\/wp\/v2\/comments?post=448544"}],"version-history":[{"count":0,"href":"https:\/\/www.europesays.com\/fr\/wp-json\/wp\/v2\/posts\/448544\/revisions"}],"wp:featuredmedia":[{"embeddable":true,"href":"https:\/\/www.europesays.com\/fr\/wp-json\/wp\/v2\/media\/448545"}],"wp:attachment":[{"href":"https:\/\/www.europesays.com\/fr\/wp-json\/wp\/v2\/media?parent=448544"}],"wp:term":[{"taxonomy":"category","embeddable":true,"href":"https:\/\/www.europesays.com\/fr\/wp-json\/wp\/v2\/categories?post=448544"},{"taxonomy":"post_tag","embeddable":true,"href":"https:\/\/www.europesays.com\/fr\/wp-json\/wp\/v2\/tags?post=448544"}],"curies":[{"name":"wp","href":"https:\/\/api.w.org\/{rel}","templated":true}]}}