{"id":448585,"date":"2025-10-08T22:56:31","date_gmt":"2025-10-08T22:56:31","guid":{"rendered":"https:\/\/www.europesays.com\/fr\/448585\/"},"modified":"2025-10-08T22:56:31","modified_gmt":"2025-10-08T22:56:31","slug":"montgermont-a-la-decouverte-du-tourisme-solidaire-au-togo","status":"publish","type":"post","link":"https:\/\/www.europesays.com\/fr\/448585\/","title":{"rendered":"Montgermont. \u00c0 la d\u00e9couverte du tourisme solidaire au Togo"},"content":{"rendered":"<p>L\u2019association Vatogo (Voyager autrement Togo) a \u00e9t\u00e9 cr\u00e9\u00e9e en 2007. <strong>\u00ab\u00a0D\u00e8s l\u2019ann\u00e9e suivante, \u00e0 l\u2019\u00e9t\u00e9 2008, nous avons fait notre premier voyage. Nous sommes tomb\u00e9s sous le charme d\u2019un village de 3\u00a0000\u00a0habitants, situ\u00e9 au fond d\u2019une lagune, sur le lac Togo, non loin de Lom\u00e9,<\/strong> pr\u00e9cise Bertrand Morin. <strong>En principe, j\u2019y retourne tous les ans et j\u2019organise &#8230;<\/strong><\/p>\n<p>\u00a0<\/p>\n","protected":false},"excerpt":{"rendered":"L\u2019association Vatogo (Voyager autrement Togo) a \u00e9t\u00e9 cr\u00e9\u00e9e en 2007. \u00ab\u00a0D\u00e8s l\u2019ann\u00e9e suivante, \u00e0 l\u2019\u00e9t\u00e9 2008, nous avons&hellip;\n","protected":false},"author":2,"featured_media":448586,"comment_status":"","ping_status":"","sticky":false,"template":"","format":"standard","meta":{"footnotes":""},"categories":[2821],"tags":[1111,11,829,5975,1777,674,1011,27,9088,12,3086,584,25,12280,17716,602],"class_list":{"0":"post-448585","1":"post","2":"type-post","3":"status-publish","4":"format-standard","5":"has-post-thumbnail","7":"category-rennes","8":"tag-actu","9":"tag-actualites","10":"tag-bretagne","11":"tag-decouverte","12":"tag-eu","13":"tag-europe","14":"tag-fr","15":"tag-france","16":"tag-montgermont","17":"tag-news","18":"tag-redon","19":"tag-rennes","20":"tag-republique-francaise","21":"tag-solidaire","22":"tag-togo","23":"tag-tourisme"},"share_on_mastodon":{"url":"https:\/\/pubeurope.com\/@fr\/115341019414291136","error":""},"_links":{"self":[{"href":"https:\/\/www.europesays.com\/fr\/wp-json\/wp\/v2\/posts\/448585","targetHints":{"allow":["GET"]}}],"collection":[{"href":"https:\/\/www.europesays.com\/fr\/wp-json\/wp\/v2\/posts"}],"about":[{"href":"https:\/\/www.europesays.com\/fr\/wp-json\/wp\/v2\/types\/post"}],"author":[{"embeddable":true,"href":"https:\/\/www.europesays.com\/fr\/wp-json\/wp\/v2\/users\/2"}],"replies":[{"embeddable":true,"href":"https:\/\/www.europesays.com\/fr\/wp-json\/wp\/v2\/comments?post=448585"}],"version-history":[{"count":0,"href":"https:\/\/www.europesays.com\/fr\/wp-json\/wp\/v2\/posts\/448585\/revisions"}],"wp:featuredmedia":[{"embeddable":true,"href":"https:\/\/www.europesays.com\/fr\/wp-json\/wp\/v2\/media\/448586"}],"wp:attachment":[{"href":"https:\/\/www.europesays.com\/fr\/wp-json\/wp\/v2\/media?parent=448585"}],"wp:term":[{"taxonomy":"category","embeddable":true,"href":"https:\/\/www.europesays.com\/fr\/wp-json\/wp\/v2\/categories?post=448585"},{"taxonomy":"post_tag","embeddable":true,"href":"https:\/\/www.europesays.com\/fr\/wp-json\/wp\/v2\/tags?post=448585"}],"curies":[{"name":"wp","href":"https:\/\/api.w.org\/{rel}","templated":true}]}}