{"id":448589,"date":"2025-10-08T22:58:12","date_gmt":"2025-10-08T22:58:12","guid":{"rendered":"https:\/\/www.europesays.com\/fr\/448589\/"},"modified":"2025-10-08T22:58:12","modified_gmt":"2025-10-08T22:58:12","slug":"entreprise-zeller-energies-un-acteur-local-engage-pour-la-transition-energetique","status":"publish","type":"post","link":"https:\/\/www.europesays.com\/fr\/448589\/","title":{"rendered":"Entreprise. Zeller \u00e9nergies, un acteur local engag\u00e9 pour la transition \u00e9nerg\u00e9tique"},"content":{"rendered":"<p class=\"insetTitle\">Offrir l&rsquo;acc\u00e8s \u00e0 une information claire et transparente<\/p>\n<p>Pour faciliter l&rsquo;acc\u00e8s \u00e0 ses services et permettre aux clients de s&rsquo;y retrouver facilement, Zeller \u00e9nergies a r\u00e9cemment revu son site internet. Une refonte, qui a permis une modernisation du site, offrant une navigation plus intuitive o\u00f9 le client trouve tout de suite l&rsquo;information qui l&rsquo;int\u00e9resse. <\/p>\n<p>Zeller \u00e9nergies\u00a0est d&rsquo;ailleurs investie au quotidien pour offrir, aux visiteurs de son site, une information (presque) en temps r\u00e9el. Un espace d\u00e9di\u00e9e aux actualit\u00e9s propres \u00e0 l&rsquo;entreprise mais \u00e9galement \u00e0 tout son secteur d&rsquo;activit\u00e9 est r\u00e9guli\u00e8rement mis \u00e0 jour &#8211; vous ne passerez donc jamais \u00e0 c\u00f4t\u00e9 de la derni\u00e8re r\u00e9forme en vigueur, des aides qui peuvent vous \u00eatre accord\u00e9es ou encore des innovations ou \u00e9volutions \u00e9nerg\u00e9tiques. <\/p>\n<p class=\"p1\">Autre avantage, et pas des moindres, le site de Zeller \u00e9nergies offre la possibilit\u00e9 de conna\u00eetre, en toute transparence, la fluctuation des tarifs sur une p\u00e9riode donn\u00e9e. C&rsquo;est d&rsquo;ailleurs sur la base de ce march\u00e9 que l&rsquo;entreprise fixe ses prix, qu&rsquo;elle met \u00e0 jour quotidiennement en fonction des \u00e9volutions.<\/p>\n","protected":false},"excerpt":{"rendered":"Offrir l&rsquo;acc\u00e8s \u00e0 une information claire et transparente Pour faciliter l&rsquo;acc\u00e8s \u00e0 ses services et permettre aux clients&hellip;\n","protected":false},"author":2,"featured_media":448590,"comment_status":"","ping_status":"","sticky":false,"template":"","format":"standard","meta":{"footnotes":""},"categories":[2820],"tags":[1111,11,7884,1777,674,1011,27,775,12,25,640],"class_list":{"0":"post-448589","1":"post","2":"type-post","3":"status-publish","4":"format-standard","5":"has-post-thumbnail","7":"category-strasbourg","8":"tag-actu","9":"tag-actualites","10":"tag-articles-partenaires","11":"tag-eu","12":"tag-europe","13":"tag-fr","14":"tag-france","15":"tag-grand-est","16":"tag-news","17":"tag-republique-francaise","18":"tag-strasbourg"},"share_on_mastodon":{"url":"https:\/\/pubeurope.com\/@fr\/115341027147081383","error":""},"_links":{"self":[{"href":"https:\/\/www.europesays.com\/fr\/wp-json\/wp\/v2\/posts\/448589","targetHints":{"allow":["GET"]}}],"collection":[{"href":"https:\/\/www.europesays.com\/fr\/wp-json\/wp\/v2\/posts"}],"about":[{"href":"https:\/\/www.europesays.com\/fr\/wp-json\/wp\/v2\/types\/post"}],"author":[{"embeddable":true,"href":"https:\/\/www.europesays.com\/fr\/wp-json\/wp\/v2\/users\/2"}],"replies":[{"embeddable":true,"href":"https:\/\/www.europesays.com\/fr\/wp-json\/wp\/v2\/comments?post=448589"}],"version-history":[{"count":0,"href":"https:\/\/www.europesays.com\/fr\/wp-json\/wp\/v2\/posts\/448589\/revisions"}],"wp:featuredmedia":[{"embeddable":true,"href":"https:\/\/www.europesays.com\/fr\/wp-json\/wp\/v2\/media\/448590"}],"wp:attachment":[{"href":"https:\/\/www.europesays.com\/fr\/wp-json\/wp\/v2\/media?parent=448589"}],"wp:term":[{"taxonomy":"category","embeddable":true,"href":"https:\/\/www.europesays.com\/fr\/wp-json\/wp\/v2\/categories?post=448589"},{"taxonomy":"post_tag","embeddable":true,"href":"https:\/\/www.europesays.com\/fr\/wp-json\/wp\/v2\/tags?post=448589"}],"curies":[{"name":"wp","href":"https:\/\/api.w.org\/{rel}","templated":true}]}}