{"id":448595,"date":"2025-10-08T23:02:34","date_gmt":"2025-10-08T23:02:34","guid":{"rendered":"https:\/\/www.europesays.com\/fr\/448595\/"},"modified":"2025-10-08T23:02:34","modified_gmt":"2025-10-08T23:02:34","slug":"fabien-roussel-notre-exigence-cest-un-premier-ministre-de-gauche","status":"publish","type":"post","link":"https:\/\/www.europesays.com\/fr\/448595\/","title":{"rendered":"Fabien Roussel\u00a0: \u00ab\u00a0Notre exigence, c\u2019est un premier ministre de gauche\u00a0\u00bb"},"content":{"rendered":"<p>Trois questions \u00e0\u2026<\/p>\n<p><strong>Fabien Roussel,<\/strong> secr\u00e9taire national du Parti communiste, \u00e9tait de passage \u00e0 Saint-Nazaire et Nantes, ce mardi, pour entendre les Fran\u00e7ais, dans cette r\u00e9gion au riche tissu industriel. Il a aussi comment\u00e9 l\u2019actualit\u00e9 politique.<\/p>\n<p>Vous \u00e9tiez aux Chantiers navals de Saint-Nazaire, ce mardi 7\u00a0octobre, puis \u00e0 Nantes, \u00e0 la Manu, en fin de journ\u00e9e. Pour parler justice fiscale, conditions de travail et abrogation de la r\u00e9forme des retraites\u00a0?<\/p>\n<p><a href=\"https:\/\/nantes.maville.com\/actu\/actudet_-a-arcelormittal-a-nantes-un-temps-d-union-et-d-alerte-avant-les-licenciements-_38702-7004219_actu.Htm\" target=\"_self\" rel=\"noopener\">Le Parti communiste a toujours \u00e9t\u00e9 du c\u00f4t\u00e9 des salari\u00e9s.<\/a> Malgr\u00e9 le contexte politique actuel, j\u2019ai souhait\u00e9 maintenir ce d\u00e9placement \u00e0 Saint-Nazaire et \u00e0 Nantes, parce que je veux \u00e9couter les Fran\u00e7ais. Les Chantiers navals, c\u2019est aussi l\u2019excellence fran\u00e7aise mondiale, avec une centaine de m\u00e9tiers qui coexistent, du soudeur au chaudronnier, en passant par l\u2019ing\u00e9nieur.\u00a0C\u2019est aussi une r\u00e9gion o\u00f9 il existe une vraie culture ouvri\u00e8re, avec un riche tissu industriel.<\/p>\n<p>Si le pr\u00e9sident de la R\u00e9publique nomme un Premier ministre de gauche, le Parti communiste est-il pr\u00eat \u00e0 prendre toute sa place dans ce gouvernement\u00a0?<\/p>\n<p>La question est pr\u00e9matur\u00e9e. Notre exigence, actuellement, c\u2019est que le pr\u00e9sident de la R\u00e9publique nomme un Premier ministre de gauche, pour augmenter les salaires et les pensions et abroger la loi sur la r\u00e9forme des retraites. C\u2019est absolument vital et essentiel. Le PC est pr\u00eat \u00e0 soutenir un Premier ministre de gauche, en construisant des majorit\u00e9s, en respectant les d\u00e9bats et sans brutaliser le parlement. Le pr\u00e9sident de la R\u00e9publique nous a mis dans une impasse, c\u2019est lui qui doit permettre une sortie de crise. S\u2019il nomme un Premier ministre de droite, il aura la censure.<\/p>\n<p>Que ressentez-vous chez les Fran\u00e7ais quand vous vous d\u00e9placez sur le terrain\u00a0?<\/p>\n<p>Un grand d\u00e9go\u00fbt de la politique, et c\u2019est particuli\u00e8rement pr\u00e9occupant, car \u00e7a fait le lit de r\u00e9gimes autoritaires. Si la gauche arrive au pouvoir, nous voulons mettre \u00e0 l\u2019ordre du jour des mesures de justice fiscale, le retour \u00e0 l\u2019imp\u00f4t sur la fortune, pour montrer ce que signifie le vote extr\u00eame droite. Les ouvriers verront que l\u2019extr\u00eame droite est contre l\u2019ISF et qu\u2019elle est l\u2019alli\u00e9e du Medef.\u00a0C\u2019est le temps de la clarification.<\/p>\n<p>\u00a0<\/p>\n","protected":false},"excerpt":{"rendered":"Trois questions \u00e0\u2026 Fabien Roussel, secr\u00e9taire national du Parti communiste, \u00e9tait de passage \u00e0 Saint-Nazaire et Nantes, ce&hellip;\n","protected":false},"author":2,"featured_media":448596,"comment_status":"","ping_status":"","sticky":false,"template":"","format":"standard","meta":{"footnotes":""},"categories":[2818],"tags":[1111,11,1777,674,57430,55664,1011,27,2383,3784,766,12,2636,25,55665],"class_list":{"0":"post-448595","1":"post","2":"type-post","3":"status-publish","4":"format-standard","5":"has-post-thumbnail","7":"category-nantes","8":"tag-actu","9":"tag-actualites","10":"tag-eu","11":"tag-europe","12":"tag-exigence","13":"tag-fabien","14":"tag-fr","15":"tag-france","16":"tag-gauche","17":"tag-ministre","18":"tag-nantes","19":"tag-news","20":"tag-pays-de-la-loire","21":"tag-republique-francaise","22":"tag-roussel"},"share_on_mastodon":{"url":"https:\/\/pubeurope.com\/@fr\/115341042873343862","error":""},"_links":{"self":[{"href":"https:\/\/www.europesays.com\/fr\/wp-json\/wp\/v2\/posts\/448595","targetHints":{"allow":["GET"]}}],"collection":[{"href":"https:\/\/www.europesays.com\/fr\/wp-json\/wp\/v2\/posts"}],"about":[{"href":"https:\/\/www.europesays.com\/fr\/wp-json\/wp\/v2\/types\/post"}],"author":[{"embeddable":true,"href":"https:\/\/www.europesays.com\/fr\/wp-json\/wp\/v2\/users\/2"}],"replies":[{"embeddable":true,"href":"https:\/\/www.europesays.com\/fr\/wp-json\/wp\/v2\/comments?post=448595"}],"version-history":[{"count":0,"href":"https:\/\/www.europesays.com\/fr\/wp-json\/wp\/v2\/posts\/448595\/revisions"}],"wp:featuredmedia":[{"embeddable":true,"href":"https:\/\/www.europesays.com\/fr\/wp-json\/wp\/v2\/media\/448596"}],"wp:attachment":[{"href":"https:\/\/www.europesays.com\/fr\/wp-json\/wp\/v2\/media?parent=448595"}],"wp:term":[{"taxonomy":"category","embeddable":true,"href":"https:\/\/www.europesays.com\/fr\/wp-json\/wp\/v2\/categories?post=448595"},{"taxonomy":"post_tag","embeddable":true,"href":"https:\/\/www.europesays.com\/fr\/wp-json\/wp\/v2\/tags?post=448595"}],"curies":[{"name":"wp","href":"https:\/\/api.w.org\/{rel}","templated":true}]}}