{"id":448597,"date":"2025-10-08T23:03:31","date_gmt":"2025-10-08T23:03:31","guid":{"rendered":"https:\/\/www.europesays.com\/fr\/448597\/"},"modified":"2025-10-08T23:03:31","modified_gmt":"2025-10-08T23:03:31","slug":"decheterie-nouvelle-generation-comment-ca-fonctionne","status":"publish","type":"post","link":"https:\/\/www.europesays.com\/fr\/448597\/","title":{"rendered":"D\u00e9ch\u00e8terie nouvelle g\u00e9n\u00e9ration : comment \u00e7a fonctionne\u00a0?"},"content":{"rendered":"<p>Enti\u00e8rement reconfigur\u00e9e, la d\u00e9ch\u00e8terie nouvelle g\u00e9n\u00e9ration de La Montagne est con\u00e7ue sur un mod\u00e8le \u00ab\u00a0\u00e0 plat\u00a0\u00bb : les d\u00e9p\u00f4ts se font sur des zones au sol ou dans des compacteurs. \u00ab\u00a0Une fois le portail franchi, les usagers cheminent avec leur v\u00e9hicule sur le principe de \u00ab\u00a0marche en avant\u00a0\u00bb, cela \u00e9vite les man\u0153uvres, explique Ga\u00ebtan Chauvi\u00e8re, charg\u00e9 de projets \u00e0 la direction des d\u00e9chets de Nantes M\u00e9tropole. Le parcours comprend une voie libre pour la circulation et une voie pour les arr\u00eats. Les v\u00e9hicules arr\u00eat\u00e9s ne bloquent pas ceux qui suivent\u00a0\u00bb. Juste apr\u00e8s le portail d\u2019entr\u00e9e, se trouvent l\u2019accueil et les locaux des agents (vestiaires, bureaux, local technique\u2026).<\/p>\n","protected":false},"excerpt":{"rendered":"Enti\u00e8rement reconfigur\u00e9e, la d\u00e9ch\u00e8terie nouvelle g\u00e9n\u00e9ration de La Montagne est con\u00e7ue sur un mod\u00e8le \u00ab\u00a0\u00e0 plat\u00a0\u00bb : les&hellip;\n","protected":false},"author":2,"featured_media":448598,"comment_status":"","ping_status":"","sticky":false,"template":"","format":"standard","meta":{"footnotes":""},"categories":[2818],"tags":[1111,11,1777,674,1011,27,766,12,2636,25],"class_list":{"0":"post-448597","1":"post","2":"type-post","3":"status-publish","4":"format-standard","5":"has-post-thumbnail","7":"category-nantes","8":"tag-actu","9":"tag-actualites","10":"tag-eu","11":"tag-europe","12":"tag-fr","13":"tag-france","14":"tag-nantes","15":"tag-news","16":"tag-pays-de-la-loire","17":"tag-republique-francaise"},"share_on_mastodon":{"url":"https:\/\/pubeurope.com\/@fr\/115341046856600362","error":""},"_links":{"self":[{"href":"https:\/\/www.europesays.com\/fr\/wp-json\/wp\/v2\/posts\/448597","targetHints":{"allow":["GET"]}}],"collection":[{"href":"https:\/\/www.europesays.com\/fr\/wp-json\/wp\/v2\/posts"}],"about":[{"href":"https:\/\/www.europesays.com\/fr\/wp-json\/wp\/v2\/types\/post"}],"author":[{"embeddable":true,"href":"https:\/\/www.europesays.com\/fr\/wp-json\/wp\/v2\/users\/2"}],"replies":[{"embeddable":true,"href":"https:\/\/www.europesays.com\/fr\/wp-json\/wp\/v2\/comments?post=448597"}],"version-history":[{"count":0,"href":"https:\/\/www.europesays.com\/fr\/wp-json\/wp\/v2\/posts\/448597\/revisions"}],"wp:featuredmedia":[{"embeddable":true,"href":"https:\/\/www.europesays.com\/fr\/wp-json\/wp\/v2\/media\/448598"}],"wp:attachment":[{"href":"https:\/\/www.europesays.com\/fr\/wp-json\/wp\/v2\/media?parent=448597"}],"wp:term":[{"taxonomy":"category","embeddable":true,"href":"https:\/\/www.europesays.com\/fr\/wp-json\/wp\/v2\/categories?post=448597"},{"taxonomy":"post_tag","embeddable":true,"href":"https:\/\/www.europesays.com\/fr\/wp-json\/wp\/v2\/tags?post=448597"}],"curies":[{"name":"wp","href":"https:\/\/api.w.org\/{rel}","templated":true}]}}