{"id":448599,"date":"2025-10-08T23:04:18","date_gmt":"2025-10-08T23:04:18","guid":{"rendered":"https:\/\/www.europesays.com\/fr\/448599\/"},"modified":"2025-10-08T23:04:18","modified_gmt":"2025-10-08T23:04:18","slug":"gradignan-des-navettes-gratuites-depuis-bordeaux-pour-profiter-pleinement-du-festival-lire-en-poche","status":"publish","type":"post","link":"https:\/\/www.europesays.com\/fr\/448599\/","title":{"rendered":"Gradignan : des navettes gratuites depuis Bordeaux pour profiter pleinement du festival Lire en Poche"},"content":{"rendered":"\n<p>Et si ce week-end, vous alliez sortie litt\u00e9raire et d\u00e9placement bas-carbone. \u00c0 l&rsquo;occasion de la <strong>20e \u00e9dition du festival Lire en Poche<\/strong>, \u00e0 Gradignan, des bus-navettes seront mises en place depuis Bordeaux pour rallier gratuitement le lieu o\u00f9 se d\u00e9roule le festival, le samedi 11 et dimanche 12 octobre.<\/p>\n<p><strong>Des navettes qui partiront depuis les Quinconces,<\/strong> depuis les <strong>all\u00e9es de Bristol au niveau de l&rsquo;arr\u00eat des cars Transgironde<\/strong> aux horaires suivant : 13h -14h30 &#8211; 16h15 &#8211; 18h10. Ces navettes feront aussi le chemin retour \u00e0 13h45 &#8211; 15h15 &#8211; 17h05 &#8211; 19h.<\/p>\n<p>\u00c0 l&rsquo;int\u00e9rieur des bus, les visiteurs auront la possibilit\u00e9 <strong>de lire des textes courts de la collection Folio 3 euros<\/strong> et disposeront du programme du salon pour pr\u00e9parer leur venue.<\/p>\n<p>\u00a0<\/p>\n<p>Une pluie de c\u00e9l\u00e8bres auteurs et autrices pour f\u00eater les 20 ans de Lire en Poche<\/p>\n<p><strong>Le rendez-vous des livres de poche f\u00eate donc cette ann\u00e9e ses 20 ans<\/strong>. Cr\u00e9\u00e9 en 2025, suite \u00e0 une initiative municipale, il s&rsquo;est impos\u00e9 comme l&rsquo;un des salons de la rentr\u00e9e litt\u00e9raire au format poche. C&rsquo;est au coeur du Parc de Mandavit qu&rsquo;il a trouv\u00e9 sa place en proposant un village de tentes sur la pelouse du Parc et investit aussi le Th\u00e9\u00e2tre des Quatre Saisons, la M\u00e9diath\u00e8que Jean-Vautrin.<\/p>\n<p>L&rsquo;ann\u00e9e derni\u00e8re, pas moins de 30 000 visiteurs ont foul\u00e9 les diff\u00e9rents sites du festival pour tenter de rencontrer pas moins d&rsquo;une centaine d&rsquo;auteurs et autrices.<\/p>\n<p>Cette ann\u00e9e, on retrouvera : Marc Levy, Baptiste Beaulieu, Florence Aubenas, Emmanuel Carr\u00e8re, M\u00e9lisa Da Costa, Virginie Grimaldi et bien d&rsquo;autres.<\/p>\n<p>Litt\u00e9rature jeunesse, g\u00e9n\u00e9rale, polar mais aussi manga, tous les univers sont propos\u00e9s pendant ces trois jours. Au-del\u00e0 des rencontres d\u00e9dicaces avec les auteurs et autrices, de nombreuses animations sont propos\u00e9es : conf\u00e9rences, tables rondes, p\u00eache aux livres de poche, lecture pour les plus jeunes.\u00a0<\/p>\n<p>Toutes les informations sont \u00e0 retrouver<a href=\"https:\/\/www.lireenpoche.fr\/\" rel=\"noopener\" target=\"_blank\"> ici<\/a>.<\/p>\n<p style=\"font-weight: 400;\">\ud83d\udccdLire en Poche &#8211; Parc de Mandavit &#8211; Gradignan<\/p>\n<p style=\"font-weight: 400;\">\ud83d\udcc6 Du 10 au 12 octobre 2025<\/p>\n<p style=\"font-weight: 400;\">\u23f0 vendredi : 14h \u00e0 19h &#8211; samedi : 9h30 \u00e0 19h &#8211; dimanche : 9h30 \u00e0 18h30<\/p>\n<p>\u00a0<\/p>\n","protected":false},"excerpt":{"rendered":"Et si ce week-end, vous alliez sortie litt\u00e9raire et d\u00e9placement bas-carbone. \u00c0 l&rsquo;occasion de la 20e \u00e9dition du&hellip;\n","protected":false},"author":2,"featured_media":448600,"comment_status":"","ping_status":"","sticky":false,"template":"","format":"standard","meta":{"footnotes":""},"categories":[2817],"tags":[1111,11,1997,2904,7048,1777,674,849,1011,27,30418,57432,31870,6681,20405,12,2219,57431,38541,25,7952],"class_list":{"0":"post-448599","1":"post","2":"type-post","3":"status-publish","4":"format-standard","5":"has-post-thumbnail","7":"category-bordeaux","8":"tag-actu","9":"tag-actualites","10":"tag-bordeaux","11":"tag-bordeaux-metropole","12":"tag-bus","13":"tag-eu","14":"tag-europe","15":"tag-festival","16":"tag-fr","17":"tag-france","18":"tag-gradignan","19":"tag-lire-en-poche","20":"tag-litterature-jeunesse","21":"tag-manga","22":"tag-navette","23":"tag-news","24":"tag-nouvelle-aquitaine","25":"tag-place-des-quinconces","26":"tag-polars","27":"tag-republique-francaise","28":"tag-tbm"},"share_on_mastodon":{"url":"https:\/\/pubeurope.com\/@fr\/115341050835375722","error":""},"_links":{"self":[{"href":"https:\/\/www.europesays.com\/fr\/wp-json\/wp\/v2\/posts\/448599","targetHints":{"allow":["GET"]}}],"collection":[{"href":"https:\/\/www.europesays.com\/fr\/wp-json\/wp\/v2\/posts"}],"about":[{"href":"https:\/\/www.europesays.com\/fr\/wp-json\/wp\/v2\/types\/post"}],"author":[{"embeddable":true,"href":"https:\/\/www.europesays.com\/fr\/wp-json\/wp\/v2\/users\/2"}],"replies":[{"embeddable":true,"href":"https:\/\/www.europesays.com\/fr\/wp-json\/wp\/v2\/comments?post=448599"}],"version-history":[{"count":0,"href":"https:\/\/www.europesays.com\/fr\/wp-json\/wp\/v2\/posts\/448599\/revisions"}],"wp:featuredmedia":[{"embeddable":true,"href":"https:\/\/www.europesays.com\/fr\/wp-json\/wp\/v2\/media\/448600"}],"wp:attachment":[{"href":"https:\/\/www.europesays.com\/fr\/wp-json\/wp\/v2\/media?parent=448599"}],"wp:term":[{"taxonomy":"category","embeddable":true,"href":"https:\/\/www.europesays.com\/fr\/wp-json\/wp\/v2\/categories?post=448599"},{"taxonomy":"post_tag","embeddable":true,"href":"https:\/\/www.europesays.com\/fr\/wp-json\/wp\/v2\/tags?post=448599"}],"curies":[{"name":"wp","href":"https:\/\/api.w.org\/{rel}","templated":true}]}}