{"id":448617,"date":"2025-10-08T23:13:27","date_gmt":"2025-10-08T23:13:27","guid":{"rendered":"https:\/\/www.europesays.com\/fr\/448617\/"},"modified":"2025-10-08T23:13:27","modified_gmt":"2025-10-08T23:13:27","slug":"le-pilote-evacue-par-helicoptere-dans-un-etat-grave","status":"publish","type":"post","link":"https:\/\/www.europesays.com\/fr\/448617\/","title":{"rendered":"le pilote \u00e9vacu\u00e9 par h\u00e9licopt\u00e8re dans un \u00e9tat grave"},"content":{"rendered":"<p>            Par<br \/>\n        <strong><br \/>\n            <a href=\"https:\/\/actu.fr\/auteur\/lisa-rodrigues\" title=\"Consulter tous les articles de Lisa Rodrigues\" rel=\"nofollow noopener\" target=\"_blank\">Lisa Rodrigues<\/a><br \/>\n        <\/strong><\/p>\n<p>        Publi\u00e9 le<\/p>\n<p>            8 oct. 2025 \u00e0 17h37        <\/p>\n<p>L\u2019accident est survenu <strong>en plein milieu des bois<\/strong>, sur un chemin forestier, sur la commune de Veyssilieu \u00e0 proximit\u00e9 de la fronti\u00e8re avec le Rh\u00f4ne, mercredi 8 octobre.<\/p>\n<p>    <a href=\"https:\/\/www.google.com\/maps\/embed?pb=!1m18!1m12!1m3!1d37503.9042240454!2d5.2167004695492585!3d45.68105024257186!2m3!1f0!2f0!3f0!3m2!1i1024!2i768!4f13.1!3m3!1m2!1s0x478b331756d1f061%3A0x408ab2ae4be6320!2s38460%20Veyssilieu!5e0!3m2!1sfr!2sfr!4v1759937437575!5m2!1sfr!2sfr\" title=\"Ouvrie le lien\" rel=\"nofollow noopener\" target=\"_blank\">Cliquez ici pour visualiser le contenu<\/a><\/p>\n<p class=\" wall-content\">\u00c0 la mi-journ\u00e9e, les sapeurs-pompiers de l\u2019<a href=\"https:\/\/actu.fr\/auvergne-rhone-alpes\/isere_38\" rel=\"nofollow noopener\" target=\"_blank\">Is\u00e8re<\/a> ont \u00e9t\u00e9 appel\u00e9s pour porter secours \u00e0 un <strong>pilote de moto-cross<\/strong> accident\u00e9, \u00e2g\u00e9 de 50 ans.<\/p>\n<p>Intervention des \u00e9quipes sp\u00e9cialis\u00e9es<\/p>\n<p class=\" wall-content\">L\u2019emplacement de l\u2019accident en milieu forestier a exig\u00e9 la venue des pompiers sp\u00e9cialis\u00e9s en intervention en milieu p\u00e9rilleux.<\/p>\n<p class=\" wall-content\">Face aux blessures de l\u2019homme qui s\u2019est \u00e9galement <strong>plaint de douleurs dans la poitrine<\/strong>, un h\u00e9licopt\u00e8re a \u00e9t\u00e9 demand\u00e9. La victime a ensuite \u00e9t\u00e9 transport\u00e9e <strong>en urgence absolue<\/strong> \u00e0 l\u2019h\u00f4pital \u00c9douard-Herriot, \u00e0 <a href=\"https:\/\/actu.fr\/auvergne-rhone-alpes\/lyon_69123\" rel=\"nofollow noopener\" target=\"_blank\">Lyon<\/a>.<\/p>\n<p class=\" wall-content\">Personnalisez votre actualit\u00e9 en ajoutant vos villes et m\u00e9dias en favori avec <a href=\"https:\/\/moncompte.actu.fr\" title=\"D\u00e9couvez Mon Actu\" rel=\"nofollow noopener\" data-trk=\"{&quot;cta&quot;:{&quot;action&quot;:&quot;https:\\\/\\\/moncompte.actu.fr&quot;,&quot;category&quot;:&quot;mon compte&quot;,&quot;from&quot;:&quot;article footer&quot;,&quot;name&quot;:&quot;Mon actu&quot;,&quot;type&quot;:&quot;cta&quot;}}\" target=\"_blank\">Mon Actu<\/a>.<\/p>\n","protected":false},"excerpt":{"rendered":"Par Lisa Rodrigues Publi\u00e9 le 8 oct. 2025 \u00e0 17h37 L\u2019accident est survenu en plein milieu des bois,&hellip;\n","protected":false},"author":2,"featured_media":448618,"comment_status":"","ping_status":"","sticky":false,"template":"","format":"standard","meta":{"footnotes":""},"categories":[1889],"tags":[119,1111,11,2430,1777,674,118,1011,27,2428,12,1311,25],"class_list":{"0":"post-448617","1":"post","2":"type-post","3":"status-publish","4":"format-standard","5":"has-post-thumbnail","7":"category-lyon","8":"tag-accident","9":"tag-actu","10":"tag-actualites","11":"tag-auvergne-rhone-alpes","12":"tag-eu","13":"tag-europe","14":"tag-faits-divers","15":"tag-fr","16":"tag-france","17":"tag-lyon","18":"tag-news","19":"tag-pompiers","20":"tag-republique-francaise"},"share_on_mastodon":{"url":"https:\/\/pubeurope.com\/@fr\/115341086109326831","error":""},"_links":{"self":[{"href":"https:\/\/www.europesays.com\/fr\/wp-json\/wp\/v2\/posts\/448617","targetHints":{"allow":["GET"]}}],"collection":[{"href":"https:\/\/www.europesays.com\/fr\/wp-json\/wp\/v2\/posts"}],"about":[{"href":"https:\/\/www.europesays.com\/fr\/wp-json\/wp\/v2\/types\/post"}],"author":[{"embeddable":true,"href":"https:\/\/www.europesays.com\/fr\/wp-json\/wp\/v2\/users\/2"}],"replies":[{"embeddable":true,"href":"https:\/\/www.europesays.com\/fr\/wp-json\/wp\/v2\/comments?post=448617"}],"version-history":[{"count":0,"href":"https:\/\/www.europesays.com\/fr\/wp-json\/wp\/v2\/posts\/448617\/revisions"}],"wp:featuredmedia":[{"embeddable":true,"href":"https:\/\/www.europesays.com\/fr\/wp-json\/wp\/v2\/media\/448618"}],"wp:attachment":[{"href":"https:\/\/www.europesays.com\/fr\/wp-json\/wp\/v2\/media?parent=448617"}],"wp:term":[{"taxonomy":"category","embeddable":true,"href":"https:\/\/www.europesays.com\/fr\/wp-json\/wp\/v2\/categories?post=448617"},{"taxonomy":"post_tag","embeddable":true,"href":"https:\/\/www.europesays.com\/fr\/wp-json\/wp\/v2\/tags?post=448617"}],"curies":[{"name":"wp","href":"https:\/\/api.w.org\/{rel}","templated":true}]}}