{"id":448623,"date":"2025-10-08T23:17:14","date_gmt":"2025-10-08T23:17:14","guid":{"rendered":"https:\/\/www.europesays.com\/fr\/448623\/"},"modified":"2025-10-08T23:17:14","modified_gmt":"2025-10-08T23:17:14","slug":"une-reunion-organisee-a-paris-sur-les-modalites-dapres-guerre-suscite-la-colere-israelienne-2","status":"publish","type":"post","link":"https:\/\/www.europesays.com\/fr\/448623\/","title":{"rendered":"Une r\u00e9union organis\u00e9e \u00e0 Paris sur les modalit\u00e9s d\u2019apr\u00e8s-guerre suscite la col\u00e8re isra\u00e9lienne"},"content":{"rendered":"<p class=\"mb-4 text-lg md:leading-8 break-words\"><strong>conflit &#8211; \u00ab Cette r\u00e9union est une nouvelle \u00e9tape dans la poursuite des efforts men\u00e9s par la France depuis de longs mois pour mettre fin \u00e0 la guerre \u00e0 Gaza et ouvrir un chemin vers la paix \u00bb, a affirm\u00e9 une source diplomatique fran\u00e7aise<\/strong><\/p>\n<p class=\"mb-4 text-lg md:leading-8 break-words\">\u00ab Une tentative d\u2019internationalisation du conflit. \u00bb Une r\u00e9union pr\u00e9vue jeudi \u00e0 Paris des ministres de pays europ\u00e9ens et arabes pour discuter des \u00ab modalit\u00e9s d\u2019un engagement collectif \u00bb pour l\u2019apr\u00e8s-guerre dans la bande de <a href=\"https:\/\/www.20minutes.fr\/monde\/gaza\/?at_medium=RSS%20feed&amp;at_campaign=ynews&amp;utm_source=yahoo&amp;utm_medium=rss&amp;utm_campaign=news_feed&amp;utm_content=in_article_link\" rel=\"nofollow noopener\" target=\"_blank\" data-ylk=\"slk:Gaza;elm:context_link;itc:0;sec:content-canvas\" class=\"link \">Gaza<\/a> a suscit\u00e9, avant m\u00eame sa tenue, l\u2019agacement d\u2019<a href=\"https:\/\/www.20minutes.fr\/monde\/israel\/?at_medium=RSS%20feed&amp;at_campaign=ynews&amp;utm_source=yahoo&amp;utm_medium=rss&amp;utm_campaign=news_feed&amp;utm_content=in_article_link\" rel=\"nofollow noopener\" target=\"_blank\" data-ylk=\"slk:Isra\u00ebl;elm:context_link;itc:0;sec:content-canvas\" class=\"link \">Isra\u00ebl<\/a>.<\/p>\n<p class=\"mb-4 text-lg md:leading-8 break-words\">\u00ab Cette r\u00e9union est une nouvelle \u00e9tape dans la poursuite des efforts men\u00e9s par la France depuis de longs mois pour mettre fin \u00e0 la <a href=\"https:\/\/www.20minutes.fr\/monde\/conflit_israelo-palestinien\/?at_medium=RSS%20feed&amp;at_campaign=ynews&amp;utm_source=yahoo&amp;utm_medium=rss&amp;utm_campaign=news_feed&amp;utm_content=in_article_link\" rel=\"nofollow noopener\" target=\"_blank\" data-ylk=\"slk:guerre \u00e0 Gaza;elm:context_link;itc:0;sec:content-canvas\" class=\"link \">guerre \u00e0 Gaza<\/a> et ouvrir un chemin vers la paix \u00bb, a affirm\u00e9 une source diplomatique fran\u00e7aise, indiquant qu\u2019elle aborderait \u00ab les principaux param\u00e8tres \u00bb d\u2019apr\u00e8s-guerre, \u00e0 savoir la s\u00e9curit\u00e9, la gouvernance et la reconstruction.<\/p>\n<p>Une initiative jug\u00e9e \u00ab superflue et pr\u00e9judiciable \u00bb<\/p>\n<p class=\"mb-4 text-lg md:leading-8 break-words\">Mais pour le ministre isra\u00e9lien des Affaires \u00e9trang\u00e8res Gideon Saar, \u00ab la nouvelle initiative du gouvernement fran\u00e7ais, \u00e0 un moment aussi sensible des n\u00e9gociations \u00e0 Charm el-Cheikh, est superflue et pr\u00e9judiciable \u00bb, selon un message post\u00e9 sur X. <a href=\"https:\/\/www.20minutes.fr\/monde\/israel\/4177910-20251008-gaza-israel-hamas-rapprochent-toujours-accord-paix-signe?at_medium=RSS%20feed&amp;at_campaign=ynews&amp;utm_source=yahoo&amp;utm_medium=rss&amp;utm_campaign=news_feed&amp;utm_content=in_article_link\" rel=\"nofollow noopener\" target=\"_blank\" data-ylk=\"slk:Des n\u00e9gociations se d\u00e9roulent cette semaine;elm:context_link;itc:0;sec:content-canvas\" class=\"link \">Des n\u00e9gociations se d\u00e9roulent cette semaine<\/a> en Egypte pour parvenir \u00e0 un cessez-le-feu dans le petit territoire ravag\u00e9 par deux ans de guerre entre le <a href=\"https:\/\/www.20minutes.fr\/monde\/hamas\/?at_medium=RSS%20feed&amp;at_campaign=ynews&amp;utm_source=yahoo&amp;utm_medium=rss&amp;utm_campaign=news_feed&amp;utm_content=in_article_link\" rel=\"nofollow noopener\" target=\"_blank\" data-ylk=\"slk:Hamas;elm:context_link;itc:0;sec:content-canvas\" class=\"link \">Hamas<\/a> et Isra\u00ebl.<\/p>\n<p class=\"mb-4 text-lg md:leading-8 break-words\">Les ministres du \u00ab Quint europ\u00e9en \u00bb (Allemagne, Espagne, France, Italie, Royaume Uni), du \u00ab Quint arabe \u00bb (Arabie Saoudite, Egypte, Emirats Arabes Unis, Jordanie, Qatar) ainsi que ceux de l\u2019Union europ\u00e9enne, du Canada et de Turquie, entendent pr\u00e9cis\u00e9ment marquer \u00ab leur soutien \u00bb jeudi aux n\u00e9gociations en cours sur la base du plan propos\u00e9 par le pr\u00e9sident am\u00e9ricain Donald Trump, ont pourta(&#8230;)<\/p>\n<p class=\"mb-4 text-lg md:leading-8 break-words\"><a href=\"https:\/\/www.20minutes.fr\/monde\/israel\/4178083-20251008-gaza-reunion-organisee-paris-modalites-apres-guerre-suscite-colere-israelienne?at_medium=RSS%20feed&amp;at_campaign=ynews&amp;utm_source=yahoo&amp;utm_medium=rss&amp;utm_campaign=news_feed&amp;utm_content=read_more_link&quot;\" rel=\"nofollow noopener\" target=\"_blank\" data-ylk=\"slk:Lire la suite sur 20minutes;elm:context_link;itc:0;sec:content-canvas\" class=\"link \">Lire la suite sur 20minutes<\/a><\/p>\n<p>\u00c0 lire aussi :<br \/><a href=\"https:\/\/www.20minutes.fr\/monde\/israel\/4178078-20251008-gaza-ong-medecins-monde-action-contre-faim-alertent-malnutrition?at_medium=RSS%20feed&amp;at_campaign=ynews&amp;utm_source=yahoo&amp;utm_medium=rss&amp;utm_campaign=news_feed&amp;utm_content=related_content_link\" rel=\"nofollow noopener\" target=\"_blank\" data-ylk=\"slk:Gaza : Les ONG M\u00e9decins du Monde et Action contre la faim alertent sur la malnutrition;elm:context_link;itc:0;sec:content-canvas\" class=\"link \">Gaza : Les ONG M\u00e9decins du Monde et Action contre la faim alertent sur la malnutrition<\/a><br \/><a href=\"https:\/\/www.20minutes.fr\/monde\/israel\/4177896-20251008-flottille-gaza-voulait-briser-poignets-francois-piquemal-raconte-incarceration-israel?at_medium=RSS%20feed&amp;at_campaign=ynews&amp;utm_source=yahoo&amp;utm_medium=rss&amp;utm_campaign=news_feed&amp;utm_content=related_content_link\" rel=\"nofollow noopener\" target=\"_blank\" data-ylk=\"slk:Flottille pour Gaza : \u00ab Il voulait briser mes poignets \u00bb\u2026 Fran\u00e7ois Piquemal raconte son incarc\u00e9ration en Isra\u00ebl;elm:context_link;itc:0;sec:content-canvas\" class=\"link \">Flottille pour Gaza : \u00ab Il voulait briser mes poignets \u00bb\u2026 Fran\u00e7ois Piquemal raconte son incarc\u00e9ration en Isra\u00ebl<\/a><\/p>\n","protected":false},"excerpt":{"rendered":"conflit &#8211; \u00ab Cette r\u00e9union est une nouvelle \u00e9tape dans la poursuite des efforts men\u00e9s par la France&hellip;\n","protected":false},"author":2,"featured_media":448624,"comment_status":"","ping_status":"","sticky":false,"template":"","format":"standard","meta":{"footnotes":""},"categories":[1888],"tags":[1111,1928,11,1927,1777,674,1011,27,665,7403,15444,57435,12,1926,626,1925,25,24577],"class_list":{"0":"post-448623","1":"post","2":"type-post","3":"status-publish","4":"format-standard","5":"has-post-thumbnail","7":"category-paris","8":"tag-actu","9":"tag-actu-paris","10":"tag-actualites","11":"tag-actualites-paris","12":"tag-eu","13":"tag-europe","14":"tag-fr","15":"tag-france","16":"tag-gaza","17":"tag-la-guerre","18":"tag-la-paix","19":"tag-la-poursuite","20":"tag-news","21":"tag-news-paris","22":"tag-paris","23":"tag-paris-news","24":"tag-republique-francaise","25":"tag-reunion"},"share_on_mastodon":{"url":"https:\/\/pubeurope.com\/@fr\/115341102690613595","error":""},"_links":{"self":[{"href":"https:\/\/www.europesays.com\/fr\/wp-json\/wp\/v2\/posts\/448623","targetHints":{"allow":["GET"]}}],"collection":[{"href":"https:\/\/www.europesays.com\/fr\/wp-json\/wp\/v2\/posts"}],"about":[{"href":"https:\/\/www.europesays.com\/fr\/wp-json\/wp\/v2\/types\/post"}],"author":[{"embeddable":true,"href":"https:\/\/www.europesays.com\/fr\/wp-json\/wp\/v2\/users\/2"}],"replies":[{"embeddable":true,"href":"https:\/\/www.europesays.com\/fr\/wp-json\/wp\/v2\/comments?post=448623"}],"version-history":[{"count":0,"href":"https:\/\/www.europesays.com\/fr\/wp-json\/wp\/v2\/posts\/448623\/revisions"}],"wp:featuredmedia":[{"embeddable":true,"href":"https:\/\/www.europesays.com\/fr\/wp-json\/wp\/v2\/media\/448624"}],"wp:attachment":[{"href":"https:\/\/www.europesays.com\/fr\/wp-json\/wp\/v2\/media?parent=448623"}],"wp:term":[{"taxonomy":"category","embeddable":true,"href":"https:\/\/www.europesays.com\/fr\/wp-json\/wp\/v2\/categories?post=448623"},{"taxonomy":"post_tag","embeddable":true,"href":"https:\/\/www.europesays.com\/fr\/wp-json\/wp\/v2\/tags?post=448623"}],"curies":[{"name":"wp","href":"https:\/\/api.w.org\/{rel}","templated":true}]}}