{"id":448625,"date":"2025-10-08T23:18:18","date_gmt":"2025-10-08T23:18:18","guid":{"rendered":"https:\/\/www.europesays.com\/fr\/448625\/"},"modified":"2025-10-08T23:18:18","modified_gmt":"2025-10-08T23:18:18","slug":"roger-vivier-renoue-avec-la-rive-gauche-et-inaugure-maison-vivier","status":"publish","type":"post","link":"https:\/\/www.europesays.com\/fr\/448625\/","title":{"rendered":"Roger Vivier renoue avec la Rive Gauche et inaugure Maison Vivier"},"content":{"rendered":"<p>\n                                    <b>Publi\u00e9 le<\/b><br \/>\n                                    <\/p>\n<p>                                        8 octobre 2025<\/p>\n<p class=\"article-content col-md-8 offset-md-1\">\n                                Ce 2 octobre, Paris Rive Gauche et le quartier de Saint-Germain-des-Pr\u00e9s ont repris contact avec une vieille amie: <a class=\"fnwAddLinks\" href=\"https:\/\/fr.fashionnetwork.com\/tags-roger-vivier\" title=\"Roger Vivier\" target=\"_blank\" rel=\"noopener\">Roger Vivier<\/a>. La maison de souliers, de maroquinerie et de bijouterie y a inaugur\u00e9 son nouveau si\u00e8ge parisien flambant neuf sobrement baptis\u00e9 \u201cMaison Vivier\u201d, en r\u00e9unissant Naomi Campbell, Laetitia Casta et <a class=\"fnwAddLinks\" href=\"https:\/\/fr.fashionnetwork.com\/tags-ines-de-la-fressange\" title=\"In\u00e8s de la Fressange\" target=\"_blank\" rel=\"noopener\">In\u00e8s de la Fressange<\/a>. Log\u00e9 au 98 rue de l\u2019Universit\u00e9, l\u2019espace se d\u00e9ploie dans un h\u00f4tel particulier du XVIIIe si\u00e8cle, imagin\u00e9 comme un dialogue entre h\u00e9ritage et cr\u00e9ativit\u00e9. Ce retour s&rsquo;op\u00e8re plusieurs d\u00e9cennies apr\u00e8s le passage du cr\u00e9ateur Roger Vivier dans le quartier.<\/p>\n<p><img decoding=\"async\" class=\"news-image\" style=\"width:100%;max-width:774px;\" src=\"https:\/\/www.europesays.com\/fr\/wp-content\/uploads\/2025\/10\/b62e.jpg\" alt=\"Maison Vivier est le nouveau si\u00e8ge parisien de la marque\" loading=\"lazy\"\/>Maison Vivier est le nouveau si\u00e8ge parisien de la marque &#8211; Guido Taroni<\/p>\n<p class=\"col-md-8 offset-md-1 article-content--texte\">Construit en 1729 par l&rsquo;architecte royal Jacques Gilet de la Fontaine, l&rsquo;h\u00f4tel particulier refl\u00e8te pr\u00e8s de trois si\u00e8cles d&rsquo;histoire. De ses d\u00e9buts aristocratiques aux transformations bourgeoises du XIXe si\u00e8cle, il passa ensuite aux mains de l&rsquo;\u00c9tat fran\u00e7ais et fut modernis\u00e9 par Fran\u00e7ois Avignon, qui y ajouta une chapelle. Restaur\u00e9, il abrite aujourd&rsquo;hui les ateliers, les archives et les salons de la Maison. Derri\u00e8re la r\u00e9sidence, se love un jardin secret inspir\u00e9 du design classique fran\u00e7ais.<\/p>\n<p class=\"col-md-10 exergue\">Entre ic\u00f4nes et intimit\u00e9 des cr\u00e9ateurs<\/p>\n<p class=\"col-md-8 offset-md-1 article-content--texte\">Le nouveau si\u00e8ge de la maison comporte quatre salles concentrant \u00e0 elles seules l\u2019essence de la maison presque centenaire, dont l\u2019acc\u00e8s est r\u00e9serv\u00e9 \u00e0 la client\u00e8le. Premi\u00e8re pi\u00e8ce succ\u00e9dant \u00e0 l\u2019entr\u00e9e, le salon de l\u2019h\u00e9ritage est le fruit de l&rsquo;imagination d\u2019In\u00e8s de la Fressange. Il pr\u00e9sente les grandes ic\u00f4nes de la maison, en physique ou sous la forme d\u2019hologramme dans le cas des mod\u00e8les les plus pr\u00e9cieux, aujourd\u2019hui conserv\u00e9s par quelques mus\u00e9es internationaux.<br \/>\u00a0<\/p>\n<p><img decoding=\"async\" class=\"news-image\" style=\"width:100%;max-width:774px;\" src=\"https:\/\/www.europesays.com\/fr\/wp-content\/uploads\/2025\/10\/a007.jpg\" alt=\"Des collages y sont expos\u00e9s comme archives de la maison\" loading=\"lazy\"\/>Des collages y sont expos\u00e9s comme archives de la maison &#8211; Guido Taroni<\/p>\n<p class=\"col-md-8 offset-md-1 article-content--texte\">Le salon Vivier vient ensuite, et d\u00e9peint l\u2019univers intime du cr\u00e9ateur Roger Vivier, disparu en 1998, dans un agencement de pi\u00e8ces de mobilier blanches et noires et d&rsquo;\u0153uvres d\u2019art. \u00c9tablie dans le monde du cabaret, sa maison s\u2019est progressivement tourn\u00e9e vers le luxe en produisant des pi\u00e8ces port\u00e9es par \u00c9lisabeth II lors de son couronnement ou cr\u00e9\u00e9es pour <a class=\"fnwAddLinks\" href=\"https:\/\/fr.fashionnetwork.com\/tags-dior\" title=\"Dior\" target=\"_blank\" rel=\"noopener\">Dior<\/a>.\u00a0<\/p>\n<p class=\"col-md-10 exergue\">Plus de 1.000 pi\u00e8ces d\u2019archives<\/p>\n<p>Directeur de la cr\u00e9ation de la maison depuis 2018, Gherardo Felloni a, lui aussi, droit \u00e0 son salon d\u2019exposition. La salle est en fait son bureau o\u00f9 lui et ses \u00e9quipes imaginent les collections Roger Vivier. Des tons roses et verts encadrent un tapis Art d\u00e9co chinois, des fauteuils anciens et un bureau sculptural de Duccio Maria Gambi, tandis que des \u00e9tag\u00e8res garnies de bo\u00eetes \u00e0 chaussures d&rsquo;archives rappellent ses premi\u00e8res explorations.\u00a0<\/p>\n<p><img decoding=\"async\" class=\"news-image\" style=\"width:100%;max-width:774px;\" src=\"https:\/\/www.europesays.com\/fr\/wp-content\/uploads\/2025\/10\/3c28.jpg\" alt=\"Les visites des archives et des salons sont r\u00e9serv\u00e9es \u00e0 la client\u00e8le de Roger Vivier\" loading=\"lazy\"\/>Les visites des archives et des salons sont r\u00e9serv\u00e9es \u00e0 la client\u00e8le de Roger Vivier &#8211; Guido Taroni<\/p>\n<p class=\"col-md-8 offset-md-1 article-content--texte\">Enfin, la Maison Vivier ouvre sa salle des archives. Plus de 1.000 cr\u00e9ations y sont conserv\u00e9es, accompagn\u00e9es de croquis, de magazines et de photographies. Parmi les pi\u00e8ces phares, les visiteurs peuvent observer un prototype de 1962 pour la princesse Soraya, des documents sur les chaussures du couronnement de la reine Elisabeth II et la <a class=\"fnwAddLinks\" href=\"https:\/\/fr.fashionnetwork.com\/tags-belle\" title=\"Belle\" target=\"_blank\" rel=\"noopener\">Belle<\/a> Vivier, lanc\u00e9e en 1965 pour la collection Mondrian d&rsquo;Yves <a class=\"fnwAddLinks\" href=\"https:\/\/fr.fashionnetwork.com\/tags-saint-laurent\" title=\"Saint Laurent\" target=\"_blank\" rel=\"noopener\">Saint Laurent<\/a> et immortalis\u00e9e par <a class=\"fnwAddLinks\" href=\"https:\/\/fr.fashionnetwork.com\/tags-catherine-deneuve\" title=\"Catherine Deneuve\" target=\"_blank\" rel=\"noopener\">Catherine Deneuve<\/a> dans Belle de Jour.\n                            <\/p>\n<p>\n                                Tous droits de reproduction et de repr\u00e9sentation r\u00e9serv\u00e9s.<br \/>\u00a9 2025 FashionNetwork.com\n                            <\/p>\n","protected":false},"excerpt":{"rendered":"Publi\u00e9 le 8 octobre 2025 Ce 2 octobre, Paris Rive Gauche et le quartier de Saint-Germain-des-Pr\u00e9s ont repris&hellip;\n","protected":false},"author":2,"featured_media":448626,"comment_status":"","ping_status":"","sticky":false,"template":"","format":"standard","meta":{"footnotes":""},"categories":[1888],"tags":[11,2424,6041,17599,537,2423,21472,1777,674,1011,27,46639,2425,985,12,2298,626,2426,2427,25,2421,51441,13507,2422],"class_list":{"0":"post-448625","1":"post","2":"type-post","3":"status-publish","4":"format-standard","5":"has-post-thumbnail","7":"category-paris","8":"tag-actualites","9":"tag-beaute","10":"tag-belle","11":"tag-catherine-deneuve","12":"tag-contact","13":"tag-cosmetiques","14":"tag-dior","15":"tag-eu","16":"tag-europe","17":"tag-fr","18":"tag-france","19":"tag-ines-de-la-fressange","20":"tag-luxe","21":"tag-mode","22":"tag-news","23":"tag-parfum","24":"tag-paris","25":"tag-professionnel","26":"tag-professionnels","27":"tag-republique-francaise","28":"tag-reseau","29":"tag-roger-vivier","30":"tag-saint-laurent","31":"tag-textile"},"share_on_mastodon":{"url":"https:\/\/pubeurope.com\/@fr\/115341106449840160","error":""},"_links":{"self":[{"href":"https:\/\/www.europesays.com\/fr\/wp-json\/wp\/v2\/posts\/448625","targetHints":{"allow":["GET"]}}],"collection":[{"href":"https:\/\/www.europesays.com\/fr\/wp-json\/wp\/v2\/posts"}],"about":[{"href":"https:\/\/www.europesays.com\/fr\/wp-json\/wp\/v2\/types\/post"}],"author":[{"embeddable":true,"href":"https:\/\/www.europesays.com\/fr\/wp-json\/wp\/v2\/users\/2"}],"replies":[{"embeddable":true,"href":"https:\/\/www.europesays.com\/fr\/wp-json\/wp\/v2\/comments?post=448625"}],"version-history":[{"count":0,"href":"https:\/\/www.europesays.com\/fr\/wp-json\/wp\/v2\/posts\/448625\/revisions"}],"wp:featuredmedia":[{"embeddable":true,"href":"https:\/\/www.europesays.com\/fr\/wp-json\/wp\/v2\/media\/448626"}],"wp:attachment":[{"href":"https:\/\/www.europesays.com\/fr\/wp-json\/wp\/v2\/media?parent=448625"}],"wp:term":[{"taxonomy":"category","embeddable":true,"href":"https:\/\/www.europesays.com\/fr\/wp-json\/wp\/v2\/categories?post=448625"},{"taxonomy":"post_tag","embeddable":true,"href":"https:\/\/www.europesays.com\/fr\/wp-json\/wp\/v2\/tags?post=448625"}],"curies":[{"name":"wp","href":"https:\/\/api.w.org\/{rel}","templated":true}]}}