{"id":448654,"date":"2025-10-08T23:34:12","date_gmt":"2025-10-08T23:34:12","guid":{"rendered":"https:\/\/www.europesays.com\/fr\/448654\/"},"modified":"2025-10-08T23:34:12","modified_gmt":"2025-10-08T23:34:12","slug":"basket-la-federation-francaise-interessee-pour-accueillir-la-coupe-du-monde-2031","status":"publish","type":"post","link":"https:\/\/www.europesays.com\/fr\/448654\/","title":{"rendered":"Basket : La f\u00e9d\u00e9ration fran\u00e7aise \u00ab\u00a0int\u00e9ress\u00e9e\u00a0\u00bb pour accueillir la Coupe du monde 2031"},"content":{"rendered":"<p data-testid=\"wcl-typoNewsPerex\" itemprop=\"description\">La f\u00e9d\u00e9ration fran\u00e7aise de basketball est \u00ab\u00a0int\u00e9ress\u00e9e pour candidater\u00a0\u00bb seule \u00e0 l&rsquo;accueil dans l&rsquo;Hexagone de la Coupe du monde 2031, a indiqu\u00e9 ce mercredi \u00e0 l&rsquo;AFP son pr\u00e9sident Jean-Pierre Hunckler, \u00e9voquant un projet actuellement \u00e0 l&rsquo;\u00e9tude.<\/p>\n<p>\u00ab\u00a0<b>On est sur une phase d&rsquo;\u00e9tude car le cahier des charges sortira mi-janvier. On est int\u00e9ress\u00e9s pour candidater, mais il faut qu&rsquo;on regarde la faisabilit\u00e9 \u00e9conomique, ce sont des budgets tr\u00e8s importants, il faut des engagements et des garanties de partenaires priv\u00e9s et publics<\/b>\u00ab\u00a0, r\u00e9sume le pr\u00e9sident de la FFBB.<\/p>\n<p>Les candidatures officielles pourront \u00eatre d\u00e9pos\u00e9es d\u00e8s avril 2026, pour une d\u00e9signation en mars 2027 &#8211; ann\u00e9e o\u00f9 se tiendra la prochaine \u00e9dition de la Coupe du monde masculine de basket, au Qatar.<\/p>\n<p>\u00ab\u00a0<b>C&rsquo;est une grosse comp\u00e9tition dans le sens o\u00f9 la f\u00e9d\u00e9ration internationale souhaiterait que ce soit un seul et unique pays qui organise, alors que pour le moment, on est plut\u00f4t s\u00fbr des premiers tours partag\u00e9s sur deux ou trois pays, avec souvent un pays qui prend un premier tour plus la phase finale<\/b>\u00ab\u00a0, souligne Jean-Pierre Hunckler.<\/p>\n<p>Il met en avant le fait que l&rsquo;\u00e9v\u00e9nement r\u00e9unira \u00ab\u00a0<b>32 \u00e9quipes, soit 92 matches, c&rsquo;est-\u00e0-dire trois fois les Jeux olympiques<\/b>\u00ab\u00a0.<\/p>\n<p>\u00ab\u00a0<b>On regarde, car il n&rsquo;y a jamais eu de Coupe du monde de basket en France. Il y a pas mal de choses qui s&rsquo;alignent. La f\u00e9d\u00e9ration internationale estime que s&rsquo;il y a un pays qui peut organiser \u00e7a en Europe, c&rsquo;est la France. On sort des Jeux olympiques (de Paris 2024, NDLR) qui ont \u00e9t\u00e9 euphoriques, la billetterie du basket a repr\u00e9sent\u00e9 10% de la billetterie des Jeux olympiques, 1,1 million de spectateurs, c&rsquo;est pharaonique<\/b>\u00ab\u00a0, se f\u00e9licite le pr\u00e9sident de la FFBB.<\/p>\n<p>Il indique avoir \u00ab\u00a0<b>d\u00e9j\u00e0 pr\u00e9sent\u00e9 un pr\u00e9-projet fin juillet<\/b>\u00a0\u00bb aux instances gouvernementales, \u00ab\u00a0<b>l&rsquo;ordre d&rsquo;id\u00e9e ce serait 18.000 nuit\u00e9es rien que pour les +staffs+ et les joueurs, ce n&rsquo;est pas un petit \u00e9v\u00e9nement, \u00e0 cela il faut rajouter l&rsquo;encadrement et la f\u00e9d\u00e9ration internationale<\/b>\u00ab\u00a0.<\/p>\n<p>Au niveau des infrastructures en France, \u00ab\u00a0<b>on a la chance d&rsquo;avoir des Arenas de qualit\u00e9. Par contre, il y a un vrai sujet au niveau de l&rsquo;h\u00f4tellerie, car il manque ce qu&rsquo;on appelle des gros porteurs : la f\u00e9d\u00e9ration internationale souhaite que normalement toutes les \u00e9quipes soient dans le m\u00eame h\u00f4tel. Et les surfaces des chambres peuvent poser probl\u00e8me aussi, quand vous avez un joueur ou une joueuse qui reste quinze jours dans une chambre de 20 m\u00e8tres carr\u00e9s&#8230; c&rsquo;est un vrai sujet<\/b>\u00ab\u00a0, selon Hunckler.<\/p>\n<p>Il estime \u00e9galement qu'\u00a0\u00bb<b>il y aura s\u00fbrement deux ou trois candidatures<\/b>\u00a0\u00bb \u00e0 ce Mondial 2031.<\/p>\n","protected":false},"excerpt":{"rendered":"La f\u00e9d\u00e9ration fran\u00e7aise de basketball est \u00ab\u00a0int\u00e9ress\u00e9e pour candidater\u00a0\u00bb seule \u00e0 l&rsquo;accueil dans l&rsquo;Hexagone de la Coupe du&hellip;\n","protected":false},"author":2,"featured_media":448655,"comment_status":"","ping_status":"","sticky":false,"template":"","format":"standard","meta":{"footnotes":""},"categories":[1414],"tags":[1465,1464,1011,27,60],"class_list":{"0":"post-448654","1":"post","2":"type-post","3":"status-publish","4":"format-standard","5":"has-post-thumbnail","7":"category-basket","8":"tag-basket","9":"tag-basketball","10":"tag-fr","11":"tag-france","12":"tag-sports"},"share_on_mastodon":{"url":"https:\/\/pubeurope.com\/@fr\/115341168873212695","error":""},"_links":{"self":[{"href":"https:\/\/www.europesays.com\/fr\/wp-json\/wp\/v2\/posts\/448654","targetHints":{"allow":["GET"]}}],"collection":[{"href":"https:\/\/www.europesays.com\/fr\/wp-json\/wp\/v2\/posts"}],"about":[{"href":"https:\/\/www.europesays.com\/fr\/wp-json\/wp\/v2\/types\/post"}],"author":[{"embeddable":true,"href":"https:\/\/www.europesays.com\/fr\/wp-json\/wp\/v2\/users\/2"}],"replies":[{"embeddable":true,"href":"https:\/\/www.europesays.com\/fr\/wp-json\/wp\/v2\/comments?post=448654"}],"version-history":[{"count":0,"href":"https:\/\/www.europesays.com\/fr\/wp-json\/wp\/v2\/posts\/448654\/revisions"}],"wp:featuredmedia":[{"embeddable":true,"href":"https:\/\/www.europesays.com\/fr\/wp-json\/wp\/v2\/media\/448655"}],"wp:attachment":[{"href":"https:\/\/www.europesays.com\/fr\/wp-json\/wp\/v2\/media?parent=448654"}],"wp:term":[{"taxonomy":"category","embeddable":true,"href":"https:\/\/www.europesays.com\/fr\/wp-json\/wp\/v2\/categories?post=448654"},{"taxonomy":"post_tag","embeddable":true,"href":"https:\/\/www.europesays.com\/fr\/wp-json\/wp\/v2\/tags?post=448654"}],"curies":[{"name":"wp","href":"https:\/\/api.w.org\/{rel}","templated":true}]}}