{"id":448660,"date":"2025-10-08T23:37:10","date_gmt":"2025-10-08T23:37:10","guid":{"rendered":"https:\/\/www.europesays.com\/fr\/448660\/"},"modified":"2025-10-08T23:37:10","modified_gmt":"2025-10-08T23:37:10","slug":"le-champion-de-france-cadets-enzo-conan-accidente-a-lentrainement","status":"publish","type":"post","link":"https:\/\/www.europesays.com\/fr\/448660\/","title":{"rendered":"Le champion de France cadets Enzo Conan accident\u00e9 \u00e0 l\u2019entra\u00eenement"},"content":{"rendered":"<p>Sacr\u00e9 champion de France U17, d\u00e9but ao\u00fbt, \u00e0 La Tour-du-Pin, en Is\u00e8re,<a href=\"https:\/\/www.letelegramme.fr\/finistere\/scaer-29390\/le-jeune-scaerois-enzo-conan-champion-de-france-sur-route-en-u17-en-isere-6868658.php\" target=\"_blank\" rel=\"noopener\"> le Finist\u00e9rien Enzo Conan<\/a> (VS Sca\u00ebr) a \u00e9t\u00e9 accident\u00e9 \u00e0 l\u2019entra\u00eenement ce mercredi. Plus de peur que de mal, n\u00e9anmoins pour le jeune Breton, transport\u00e9 aux urgences. \u00ab Apparemment, une voiture lui a coup\u00e9 la route\u2026 Rien de cass\u00e9 mais une surveillance pour le trauma cr\u00e2nien \u00bb, confie Herman, son p\u00e8re.<\/p>\n","protected":false},"excerpt":{"rendered":"Sacr\u00e9 champion de France U17, d\u00e9but ao\u00fbt, \u00e0 La Tour-du-Pin, en Is\u00e8re, le Finist\u00e9rien Enzo Conan (VS Sca\u00ebr)&hellip;\n","protected":false},"author":2,"featured_media":448661,"comment_status":"","ping_status":"","sticky":false,"template":"","format":"standard","meta":{"footnotes":""},"categories":[1411],"tags":[1154,207,6159,3166,1011,27,29452,60],"class_list":{"0":"post-448660","1":"post","2":"type-post","3":"status-publish","4":"format-standard","5":"has-post-thumbnail","7":"category-cyclisme","8":"tag-cycling","9":"tag-cyclisme","10":"tag-cyclisme-amateurs","11":"tag-en-continu-sports","12":"tag-fr","13":"tag-france","14":"tag-scaer","15":"tag-sports"},"share_on_mastodon":{"url":"https:\/\/pubeurope.com\/@fr\/115341180596403044","error":""},"_links":{"self":[{"href":"https:\/\/www.europesays.com\/fr\/wp-json\/wp\/v2\/posts\/448660","targetHints":{"allow":["GET"]}}],"collection":[{"href":"https:\/\/www.europesays.com\/fr\/wp-json\/wp\/v2\/posts"}],"about":[{"href":"https:\/\/www.europesays.com\/fr\/wp-json\/wp\/v2\/types\/post"}],"author":[{"embeddable":true,"href":"https:\/\/www.europesays.com\/fr\/wp-json\/wp\/v2\/users\/2"}],"replies":[{"embeddable":true,"href":"https:\/\/www.europesays.com\/fr\/wp-json\/wp\/v2\/comments?post=448660"}],"version-history":[{"count":0,"href":"https:\/\/www.europesays.com\/fr\/wp-json\/wp\/v2\/posts\/448660\/revisions"}],"wp:featuredmedia":[{"embeddable":true,"href":"https:\/\/www.europesays.com\/fr\/wp-json\/wp\/v2\/media\/448661"}],"wp:attachment":[{"href":"https:\/\/www.europesays.com\/fr\/wp-json\/wp\/v2\/media?parent=448660"}],"wp:term":[{"taxonomy":"category","embeddable":true,"href":"https:\/\/www.europesays.com\/fr\/wp-json\/wp\/v2\/categories?post=448660"},{"taxonomy":"post_tag","embeddable":true,"href":"https:\/\/www.europesays.com\/fr\/wp-json\/wp\/v2\/tags?post=448660"}],"curies":[{"name":"wp","href":"https:\/\/api.w.org\/{rel}","templated":true}]}}