{"id":448662,"date":"2025-10-08T23:38:11","date_gmt":"2025-10-08T23:38:11","guid":{"rendered":"https:\/\/www.europesays.com\/fr\/448662\/"},"modified":"2025-10-08T23:38:11","modified_gmt":"2025-10-08T23:38:11","slug":"le-barca-abandonne-la-super-league-laccolade-tres-chaleureuse-entre-nasser-al-khelaifi-et-joan-laporta-a-lassemblee-de-lex-eca","status":"publish","type":"post","link":"https:\/\/www.europesays.com\/fr\/448662\/","title":{"rendered":"Le Bar\u00e7a abandonne la Super League? L&rsquo;accolade tr\u00e8s chaleureuse entre Nasser Al-Khela\u00effi et Joan Laporta \u00e0 l&rsquo;assembl\u00e9e de l&rsquo;ex-ECA"},"content":{"rendered":"<p>Encore officiellement un soutien du projet de Super League, le FC Barcelone assainit ses relations avec l&rsquo;UEFA et les autres clubs europ\u00e9ens. Dernier exemple en date: l&rsquo;invitation du pr\u00e9sident Joan Laporta \u00e0 l&rsquo;assembl\u00e9e de l&rsquo;Association des clubs europ\u00e9ens, d\u00e9sormais appel\u00e9e EFC.<\/p>\n<p>La hache de guerre bient\u00f4t d\u00e9finitivement enterr\u00e9e? Joan Laporta, le pr\u00e9sident du FC Barcelone, s&rsquo;est rendu ce mercredi \u00e0 l&rsquo;Assembl\u00e9e de l&rsquo;European Football Clubs (EFC), <a href=\"https:\/\/rmcsport.bfmtv.com\/football\/ligue-1\/president-du-psg-et-de-l-eca-nasser-al-khelaifi-reverait-de-la-fifa_AV-202503270118.html\" title=\"Pr\u00e9sident du PSG et de l&#039;ECA, Nasser Al-Khela\u00effi r\u00eaverait de la Fifa\" class=\"internal_link\" rel=\"nofollow noopener\" target=\"_blank\">anciennement Association des clubs europ\u00e9en (ECA)<\/a> \u00e0 Rome. Accompagn\u00e9 du vice-pr\u00e9sident du club, il a \u00e9t\u00e9 chaleureusement accueilli, d\u00e8s sa sortie du taxi, par Nasser Al-Khela\u00effi, pr\u00e9sident du Paris Saint-Germain et de la puissante association.<\/p>\n<p>Et ces images sont loin d&rsquo;\u00eatre anodines car les relations entre le Bar\u00e7a et l&rsquo;ECA n&rsquo;ont pas toujours \u00e9t\u00e9 au beau fixe. Les Catalans sont toujours impliqu\u00e9s dans le projet critiqu\u00e9 de <a href=\"https:\/\/rmcsport.bfmtv.com\/football\/ligue-des-champions\/non-la-super-league-n-est-pas-a-l-ordre-du-jour-le-dementi-ferme-de-l-uefa-sur-une-modification-de-la-ligue-des-champions_AV-202510060377.html\" title=\"Non, la Super League n&#039;est pas \u00e0 l&#039;ordre du jour: le d\u00e9menti ferme de l&#039;UEFA sur une modification de la Ligue des champions\" class=\"internal_link\" rel=\"nofollow noopener\" target=\"_blank\">Super League, port\u00e9 par la soci\u00e9t\u00e9 A22 Sports Management<\/a>. Malgr\u00e9 les distances prises par rapport \u00e0 cette ligue devant r\u00e9unir les meilleurs \u00e9quipes europ\u00e9ennes, Joan Laporta avait confi\u00e9 cet \u00e9t\u00e9 servir d&rsquo;interm\u00e9diaire entre Aleksander Ceferin, pr\u00e9sident de l&rsquo;UEFA, et les repr\u00e9sentants de la Super League.<\/p>\n<p>Le Real, dernier d\u00e9fenseur actif de la Super League?<\/p>\n<p>Une semaine apr\u00e8s les retrouvailles chaleureuses au stade olympique de Montjuic en marge de la rencontre de Ligue des champions entre le Bar\u00e7a et le PSG (1-2), l&rsquo;accolade entre les deux pr\u00e9sident est vue par la presse espagnole comme un \u00ab\u00a0grand pas\u00a0\u00bb des Blaugranas.<\/p>\n<p>\u00c0 ce jour, le FC Barcelone ne fait pas partie des 800 membres de l&rsquo;EFC. C&rsquo;est pourquoi la pr\u00e9sence de Joan Laporta \u00e0 Rome laisse penser qu&rsquo;une adh\u00e9sion prochaine serait possible. Int\u00e9grer l&rsquo;EFC impliquerait un abandon de la Super League, laissant le Real Madrid comme dernier d\u00e9fenseur de la comp\u00e9tition, la Juve ayant aussi pris ses distances avec ce projet. Les relations entre l&rsquo;UEFA et le Bar\u00e7a pourraient encore plus s&rsquo;assainir dans la soir\u00e9e puisqu&rsquo;Aleksander Ceferin est venu en Italie pour participer au grand d\u00eener de l&rsquo;assembl\u00e9e.<\/p>\n<p>L&rsquo;EFC expliquait ce mardi avoir au cours des deux derni\u00e8res ann\u00e9es \u00ab\u00a0plus que tripl\u00e9 le nombre de ses membres, qui d\u00e9passe d\u00e9sormais 800 clubs\u00a0\u00bb, \u00ab\u00a0jou\u00e9 un r\u00f4le de premier plan dans l&rsquo;\u00e9volution des formats de comp\u00e9tition\u00a0\u00bb et \u00ab\u00a0renforc\u00e9 ses partenariats strat\u00e9giques \u00e0 long terme avec l&rsquo;UEFA et la FIFA, pour que la voix des clubs influence l&rsquo;\u00e9volution du football mondial\u00a0\u00bb.<\/p>\n<p>En d\u00e9but de semaine, <a href=\"https:\/\/rmcsport.bfmtv.com\/football\/ligue-des-champions\/non-la-super-league-n-est-pas-a-l-ordre-du-jour-le-dementi-ferme-de-l-uefa-sur-une-modification-de-la-ligue-des-champions_AV-202510060377.html\" title=\"Non, la Super League n&#039;est pas \u00e0 l&#039;ordre du jour: le d\u00e9menti ferme de l&#039;UEFA sur une modification de la Ligue des champions\" class=\"internal_link\" rel=\"nofollow noopener\" target=\"_blank\">l\u2019UEFA a r\u00e9affirm\u00e9 \u00ab\u00a0cat\u00e9goriquement\u00a0\u00bb aupr\u00e8s de RMC Sport<\/a> qu\u2019il n\u2019est pas pr\u00e9vu de modifier la Ligue des champions apr\u00e8s la publication d&rsquo;un article faisant \u00e9tat d&rsquo;un r\u00e9chauffement des relations avec les promoteurs de la Super League<\/p>\n","protected":false},"excerpt":{"rendered":"Encore officiellement un soutien du projet de Super League, le FC Barcelone assainit ses relations avec l&rsquo;UEFA et&hellip;\n","protected":false},"author":2,"featured_media":448663,"comment_status":"","ping_status":"","sticky":false,"template":"","format":"standard","meta":{"footnotes":""},"categories":[1410],"tags":[63,1011,27,60],"class_list":{"0":"post-448662","1":"post","2":"type-post","3":"status-publish","4":"format-standard","5":"has-post-thumbnail","7":"category-football","8":"tag-football","9":"tag-fr","10":"tag-france","11":"tag-sports"},"share_on_mastodon":{"url":"https:\/\/pubeurope.com\/@fr\/115341184728735827","error":""},"_links":{"self":[{"href":"https:\/\/www.europesays.com\/fr\/wp-json\/wp\/v2\/posts\/448662","targetHints":{"allow":["GET"]}}],"collection":[{"href":"https:\/\/www.europesays.com\/fr\/wp-json\/wp\/v2\/posts"}],"about":[{"href":"https:\/\/www.europesays.com\/fr\/wp-json\/wp\/v2\/types\/post"}],"author":[{"embeddable":true,"href":"https:\/\/www.europesays.com\/fr\/wp-json\/wp\/v2\/users\/2"}],"replies":[{"embeddable":true,"href":"https:\/\/www.europesays.com\/fr\/wp-json\/wp\/v2\/comments?post=448662"}],"version-history":[{"count":0,"href":"https:\/\/www.europesays.com\/fr\/wp-json\/wp\/v2\/posts\/448662\/revisions"}],"wp:featuredmedia":[{"embeddable":true,"href":"https:\/\/www.europesays.com\/fr\/wp-json\/wp\/v2\/media\/448663"}],"wp:attachment":[{"href":"https:\/\/www.europesays.com\/fr\/wp-json\/wp\/v2\/media?parent=448662"}],"wp:term":[{"taxonomy":"category","embeddable":true,"href":"https:\/\/www.europesays.com\/fr\/wp-json\/wp\/v2\/categories?post=448662"},{"taxonomy":"post_tag","embeddable":true,"href":"https:\/\/www.europesays.com\/fr\/wp-json\/wp\/v2\/tags?post=448662"}],"curies":[{"name":"wp","href":"https:\/\/api.w.org\/{rel}","templated":true}]}}