{"id":448675,"date":"2025-10-08T23:45:12","date_gmt":"2025-10-08T23:45:12","guid":{"rendered":"https:\/\/www.europesays.com\/fr\/448675\/"},"modified":"2025-10-08T23:45:12","modified_gmt":"2025-10-08T23:45:12","slug":"pourquoi-un-seul-vaccin-sera-propose-aux-francais-a-partir-du-14-octobre","status":"publish","type":"post","link":"https:\/\/www.europesays.com\/fr\/448675\/","title":{"rendered":"pourquoi un seul vaccin sera propos\u00e9 aux Fran\u00e7ais \u00e0 partir du 14 octobre\u00a0?"},"content":{"rendered":"<p>            Par<br \/>\n        <strong><br \/>\n            <a href=\"https:\/\/actu.fr\/auteur\/briac-trebert\" title=\"Consulter tous les articles de Briac Tr\u00e9bert\" target=\"_blank\" rel=\"noopener\">Briac Tr\u00e9bert<\/a><br \/>\n        <\/strong><\/p>\n<p>        Publi\u00e9 le<\/p>\n<p>            8 oct. 2025 \u00e0 19h56        <\/p>\n<p>Le <a href=\"https:\/\/actu.fr\/societe\/coronavirus\" target=\"_blank\" rel=\"noopener\">Covid-19<\/a> est de retour en France en cette rentr\u00e9e 2025. Comme l\u2019an pass\u00e9. Du 29 septembre au 5 octobre 2025, d\u2019apr\u00e8s les derniers chiffres publi\u00e9s par Sant\u00e9 Publique France, ce mercredi 8 octobre, le SARS-CoV-2 est toujours bien pr\u00e9sent.<\/p>\n<p class=\" wall-content\">Et, si le Covid-19 \u00ab n\u2019a pas encore eu de r\u00e9percussion notable sur le syst\u00e8me de soins \u00bb, rel\u00e8ve l\u2019autorit\u00e9 sanitaire,<strong> l\u2019\u00e9volution \u00ab reste \u00e0 suivre avec vigilance<\/strong> au cours des prochaines semaines \u00bb, met-elle en garde. \u00a0<\/p>\n<p>La campagne d\u00e9bute tr\u00e8s bient\u00f4t\u00a0<\/p>\n<p class=\" wall-content\">D\u00e9but octobre, les passages aux urgences et chez SOS m\u00e9decins pour Covid-19 ou suspicion de Covid-19 \u00e9taient (encore) en l\u00e9g\u00e8re <strong>augmentation<\/strong> dans toutes les classes d\u2019\u00e2ge, except\u00e9 chez les 0-4 ans.<\/p>\n<p class=\" wall-content\">Reste que les autorit\u00e9s sanitaires appellent \u00e0 la vaccination des plus fragiles. Et la campagne d\u00e9bute tr\u00e8s bient\u00f4t, \u00e0 partir de ce mardi 14 octobre 2025 (et jusqu\u2019au 31 janvier 2026), de mani\u00e8re \u00e0 \u00eatre coupl\u00e9e \u00e0 celle contre la <a href=\"https:\/\/actu.fr\/tag\/grippe\" target=\"_blank\" rel=\"noopener\">grippe<\/a>.<\/p>\n<p class=\" wall-content\">Et un unique vaccin vous sera propos\u00e9 pour vous faire vacciner cette ann\u00e9e contre le Covid-19. 12 millions de doses de celui-ci ont d\u00e9j\u00e0 \u00e9t\u00e9 livr\u00e9es sur le territoire,<a href=\"https:\/\/www.santepubliquefrance.fr\/presse\/2025\/prevenir-les-infections-respiratoires-aigues-un-engagement-collectif-pour-un-hiver-protege\" target=\"_blank\" rel=\"noopener\"> informe Sant\u00e9 Publique France<\/a>.\u00a0<\/p>\n<p>Une autorisation de mise sur le march\u00e9 en juillet dernier\u00a0<\/p>\n<p class=\" wall-content\">Le vaccin contre le Covid-19 inject\u00e9 durant la campagne 2025-2026 sera, comme lors de la pr\u00e9c\u00e9dente campagne, le <strong>Comirnaty JN.1 de Pfizer\/BioNTech<\/strong>, un vaccin \u00e0 ARN messager adapt\u00e9 aux variants actuellement en circulation. Un vaccin qui existe en forme adulte, mais aussi p\u00e9diatrique (5-11 ans et 6 mois-4 ans).<\/p>\n<p class=\" wall-content\">L\u2019entreprise pharmaceutique am\u00e9ricaine Pfizer avait obtenu, le 25 juillet 2025, <a href=\"https:\/\/www.ema.europa.eu\/en\/news\/meeting-highlights-committee-medicinal-products-human-use-chmp-21-24-july-2025\" target=\"_blank\" rel=\"noopener\">l\u2019autorisation de mise sur le march\u00e9<\/a> de ce nouveau vaccin adapt\u00e9 au variant circulant LP.8.1. Et la France a choisi cet unique vaccin, pr\u00eat \u00e0 l\u2019emploi (ne n\u00e9cessitant pas de dilution).<\/p>\n<p>Votre r\u00e9gion, votre actu !<\/p>\n<p>Recevez chaque jour les infos qui comptent pour vous.<\/p>\n<p>\t<a href=\"https:\/\/actu.fr\/newsletter\" class=\"ac-btn ac-btn--corner ac-btn--medium ac-btn--blue800\" target=\"_blank\" rel=\"noopener\">S&rsquo;incrire<\/a><\/p>\n<p class=\" wall-content\">Concernant le choix de cette offre vaccinale, la France s\u2019est appuy\u00e9e sur <a href=\"https:\/\/sante.gouv.fr\/IMG\/pdf\/dgs-urgent_-_campagne_de_vaccination_contre_le_covid-19_a_l_automne_2025_.pdf\" target=\"_blank\" rel=\"noopener\">les recommandations de la HAS, la haute autorit\u00e9 de sant\u00e9<\/a>, qui pr\u00e9cisait le cadre. Le 13 janvier 2025, elle demandait l<strong>\u2019utilisation pr\u00e9f\u00e9rentielle des vaccins \u00e0 technologie ARN messager<\/strong>. Le 20 septembre 2022, l\u2019utilisation pr\u00e9f\u00e9rentielle des vaccins <strong>adapt\u00e9s au dernier variant<\/strong> en circulation. Les deux conditions sont donc r\u00e9unies avec le Comirnaty JN.1 de Pfizer\/BioNTech.<\/p>\n<p class=\" wall-content\">Avec la disponibilit\u00e9 des nouveaux vaccins adapt\u00e9s LP.8.1, les anciennes versions ont ainsi \u00e9t\u00e9 retir\u00e9es \u00ab dans un objectif de simplification des circuits de distribution \u00bb, explique sant\u00e9 publique France. Ce pourquoi le vaccin Comirnaty LP.8.1 sera le seul vaccin \u00e0 ARNm distribu\u00e9 durant cette campagne automnale 2025.<\/p>\n<p>C\u2019est quoi un vaccin \u00e0 ARN messager ? <\/p>\n<p>Dans le cas des vaccins \u00e0 ARN, il s\u2019agit de faire produire les fragments d\u2019agents infectieux capables de stimuler la r\u00e9ponse immunitaire directement par les cellules du patient, explique l\u2019Inserm, l\u2019institut national de la sant\u00e9 et de la recherche m\u00e9dicale. <br \/>Le principe est donc d\u2019injecter dans des cellules du tissu musculaire l\u2019information leur permettant de produire une prot\u00e9ine soigneusement s\u00e9lectionn\u00e9e et modifi\u00e9e de l\u2019agent infectieux contre lequel on souhaite obtenir une immunit\u00e9. Les cellules de l\u2019individu vaccin\u00e9 fabriqueront elles-m\u00eames transitoirement le constituant viral en question, qui sera reconnu comme \u00e9tranger \u00e0 l\u2019organisme et d\u00e9clenchera une r\u00e9ponse immunitaire sp\u00e9cifique. <br \/>Le vaccin de Pfizer emploie un ARN messager codant donc pour la prot\u00e9ine Spike du coronavirus SARS-CoV-2 (prefusion spike glycoprotein &#8211; P2 S), la \u00ab cl\u00e9 \u00bb qui lui sert \u00e0 Outre le fait que les vaccins \u00e0 ARNm sont relativement faciles \u00e0 produire et peu on\u00e9reux, leur adaptation \u00e0 l\u2019\u00e9volution des agents pathog\u00e8nes peut se faire rapidement. Si de nouveaux variants viraux contre lequel le vaccin serait moins efficace \u00e9mergent, il suffit (th\u00e9oriquement !) de modifier la s\u00e9quence de l\u2019ARNm pour la faire correspondre \u00e0 celles de ces nouveaux variants viraux afin de retrouver une efficacit\u00e9 optimale.<\/p>\n<p>Des effets ind\u00e9sirables \u00e0 ces vaccins ?\u00a0<\/p>\n<p class=\" wall-content\">L\u2019agence nationale de s\u00e9curit\u00e9 du m\u00e9dicament et des produits de sant\u00e9 (ANSM) avait publi\u00e9, le 4 f\u00e9vrier 2025, <a href=\"https:\/\/ansm.sante.fr\/actualites\/vaccins-contre-le-covid-19-les-rapports-denquete-confirment-de-nouveau-leur-profil-de-securite\" target=\"_blank\" rel=\"noopener\">les\u00a0rapports\u00a0d\u2019enqu\u00eate de pharmacovigilance 2023-2024<\/a> sur les d\u00e9clarations d\u2019effets ind\u00e9sirables rapport\u00e9s pour les quatre vaccins contre le Covid-19 qui \u00e9taient alors disponibles en France. Des vaccins s\u00fbrs, r\u00e9sumait l\u2019ANSM.<\/p>\n<p class=\" wall-content\">Pour le vaccin Comirnaty, un signal potentiel concernant de tr\u00e8s rares cas \u00ab de neuropathies \u00e0 petites fibres (douleurs \u00e0 type de br\u00fblure, principalement au niveau des pieds et des membres inf\u00e9rieurs) \u00bb avait \u00e9t\u00e9 identifi\u00e9, reconna\u00eet l\u2019ANSM.<\/p>\n<p class=\" wall-content\">Dans le cadre de la surveillance continue,<strong> un cas de maladie de Charcot<\/strong> (ou scl\u00e9rose lat\u00e9rale amyotrophique (SLA)) avait aussi \u00e9t\u00e9 rapport\u00e9 apr\u00e8s une vaccination avec le vaccin Comirnaty. Mais ce cas a fait l\u2019objet d\u2019un examen coll\u00e9gial \u00ab qui a conclu que les donn\u00e9es disponibles \u00e0 ce jour ne permettent pas de retenir un lien entre la survenue de SLA et le vaccin \u00bb, fait savoir l\u2019ANSM.<\/p>\n<p>Qui est concern\u00e9 par cette dose, cet automne ?<\/p>\n<p class=\" wall-content\">Conform\u00e9ment \u00e0 l\u2019avis de la haute autorit\u00e9 de sant\u00e9 du 23 f\u00e9vrier 2023, il est fortement recommand\u00e9 aux personnes les plus \u00e0 risques de forme grave de recevoir une dose annuelle (\u00e0 l\u2019automne) de vaccin contre le Covid-19, notamment aux :<\/p>\n<ul class=\" wall-content\">\n<li>Personnes \u00e2g\u00e9es de 65 ans et plus<\/li>\n<li>Personnes atteintes de comorbidit\u00e9s ayant un risque plus \u00e9lev\u00e9 de formes graves de maladie (hypertension art\u00e9rielle compliqu\u00e9e, affections chroniques cardiaques, vasculaires, h\u00e9patiques, r\u00e9nales, pulmonaires, diab\u00e8te, ob\u00e9sit\u00e9, cancers, personnes transplant\u00e9es, personnes atteintes de trisomie 21, de troubles psychiatriques ou de d\u00e9mence).<\/li>\n<li>Personnes immunod\u00e9prim\u00e9es<\/li>\n<li>Femmes enceintes, quel que soit leur trimestre de grossesse<\/li>\n<li>R\u00e9sidents en \u00e9tablissements d\u2019h\u00e9bergement pour personnes \u00e2g\u00e9es d\u00e9pendantes (Ehpad) et unit\u00e9s de soins de longue dur\u00e9e (USLD)<\/li>\n<li>Personnes \u00e0 tr\u00e8s haut risque de forme grave selon chaque situation m\u00e9dicale individuelle et dans le cadre d\u2019une d\u00e9cision partag\u00e9e avec les \u00e9quipes soignantes<\/li>\n<li>Personnes vivant dans l\u2019entourage ou en contacts r\u00e9guliers avec des personnes immunod\u00e9prim\u00e9es ou vuln\u00e9rables, y compris les professionnels des secteurs sanitaire et m\u00e9dicosocial.<\/li>\n<\/ul>\n<p class=\" wall-content\">La dose annuelle n\u2019est plus recommand\u00e9e pour les personnes non cibl\u00e9es par les recommandations d\u00e9crites ci-dessus. N\u00e9anmoins, si une personne n\u2019est pas dans la cible et souhaite recevoir une vaccination, elle pourra en b\u00e9n\u00e9ficier gratuitement.<\/p>\n<p>Qui peut vous vacciner ?\u00a0<\/p>\n<p class=\" wall-content\">Le d\u00e9lai \u00e0 respecter apr\u00e8s la derni\u00e8re injection vaccinale ou la derni\u00e8re infection Covid-19 est de six mois et ce d\u00e9lai est r\u00e9duit \u00e0 trois mois pour les personnes immunod\u00e9prim\u00e9es et les personnes \u00e2g\u00e9es de 80 ans et plus. Les vaccins contre le Covid-19 sont pris en charge \u00e0 100 % par l\u2019<a href=\"https:\/\/actu.fr\/tag\/securite-sociale\" target=\"_blank\" rel=\"noopener\">Assurance maladie<\/a>.<\/p>\n<p class=\" wall-content\">Les professionnels de sant\u00e9 habilit\u00e9s \u00e0 vacciner sont les m\u00e9decins, les infirmiers, les pharmaciens, les sages-femmes et les \u00e9tudiants en m\u00e9decine ou pharmacie. Leurs comp\u00e9tences ont r\u00e9cemment \u00e9t\u00e9 \u00e9largies en mati\u00e8re de vaccination. Ces doses de vaccin seront administr\u00e9es exclusivement par injection intramusculaire \u00ab\u00a0avec une surveillance de 15 minutes recommand\u00e9e apr\u00e8s la vaccination\u00a0\u00bb.<\/p>\n<p class=\" wall-content\">Personnalisez votre actualit\u00e9 en ajoutant vos villes et m\u00e9dias en favori avec <a href=\"https:\/\/moncompte.actu.fr\" title=\"D\u00e9couvez Mon Actu\" rel=\"nofollow noopener\" data-trk=\"{&quot;cta&quot;:{&quot;action&quot;:&quot;https:\\\/\\\/moncompte.actu.fr&quot;,&quot;category&quot;:&quot;mon compte&quot;,&quot;from&quot;:&quot;article footer&quot;,&quot;name&quot;:&quot;Mon actu&quot;,&quot;type&quot;:&quot;cta&quot;}}\" target=\"_blank\">Mon Actu<\/a>.<\/p>\n","protected":false},"excerpt":{"rendered":"Par Briac Tr\u00e9bert Publi\u00e9 le 8 oct. 2025 \u00e0 19h56 Le Covid-19 est de retour en France en&hellip;\n","protected":false},"author":2,"featured_media":448676,"comment_status":"","ping_status":"","sticky":false,"template":"","format":"standard","meta":{"footnotes":""},"categories":[10],"tags":[4379,1011,27,72,71,104],"class_list":{"0":"post-448675","1":"post","2":"type-post","3":"status-publish","4":"format-standard","5":"has-post-thumbnail","7":"category-sante","8":"tag-coronavirus-covid","9":"tag-fr","10":"tag-france","11":"tag-health","12":"tag-sante","13":"tag-societe"},"share_on_mastodon":{"url":"https:\/\/pubeurope.com\/@fr\/115341211986479227","error":""},"_links":{"self":[{"href":"https:\/\/www.europesays.com\/fr\/wp-json\/wp\/v2\/posts\/448675","targetHints":{"allow":["GET"]}}],"collection":[{"href":"https:\/\/www.europesays.com\/fr\/wp-json\/wp\/v2\/posts"}],"about":[{"href":"https:\/\/www.europesays.com\/fr\/wp-json\/wp\/v2\/types\/post"}],"author":[{"embeddable":true,"href":"https:\/\/www.europesays.com\/fr\/wp-json\/wp\/v2\/users\/2"}],"replies":[{"embeddable":true,"href":"https:\/\/www.europesays.com\/fr\/wp-json\/wp\/v2\/comments?post=448675"}],"version-history":[{"count":0,"href":"https:\/\/www.europesays.com\/fr\/wp-json\/wp\/v2\/posts\/448675\/revisions"}],"wp:featuredmedia":[{"embeddable":true,"href":"https:\/\/www.europesays.com\/fr\/wp-json\/wp\/v2\/media\/448676"}],"wp:attachment":[{"href":"https:\/\/www.europesays.com\/fr\/wp-json\/wp\/v2\/media?parent=448675"}],"wp:term":[{"taxonomy":"category","embeddable":true,"href":"https:\/\/www.europesays.com\/fr\/wp-json\/wp\/v2\/categories?post=448675"},{"taxonomy":"post_tag","embeddable":true,"href":"https:\/\/www.europesays.com\/fr\/wp-json\/wp\/v2\/tags?post=448675"}],"curies":[{"name":"wp","href":"https:\/\/api.w.org\/{rel}","templated":true}]}}