{"id":448711,"date":"2025-10-09T00:06:17","date_gmt":"2025-10-09T00:06:17","guid":{"rendered":"https:\/\/www.europesays.com\/fr\/448711\/"},"modified":"2025-10-09T00:06:17","modified_gmt":"2025-10-09T00:06:17","slug":"hockey-sur-glace-chl-cest-la-magie-du-hockey-renversant-contre-lausanne-grenoble-se-rapproche-des-huitiemes-de-finale","status":"publish","type":"post","link":"https:\/\/www.europesays.com\/fr\/448711\/","title":{"rendered":"Hockey sur glace &#8211; CHL. \u00ab\u00a0C\u2019est la magie du hockey\u00a0\u00bb : renversant contre Lausanne, Grenoble\u00a0se rapproche des huiti\u00e8mes de finale"},"content":{"rendered":"<p class=\"insetTitle\">Les r\u00e9actions<\/p>\n<p><strong>Fran\u00e7ois Beauchemin (attaquant de Grenoble)\u00a0:<\/strong> \u00ab\u00a0On est plein d\u2019\u00e9motions ce soir (lire mercredi), il s\u2019est pass\u00e9 plein de choses. Lausanne revient dans le match, ils m\u00e8nent 2-4 mais on sait que dans un match de hockey, tout peut changer rapidement, \u00e7a peut changer de bord. Aujourd\u2019hui, on a fait de la magie \u00e0 Grenoble. On doit en profiter. Quand on est men\u00e9, on va chercher le 4-3 avec Pontus (Englund) et on sait que le public en banque, \u00e7a donne des papillons. Il y a l\u2019\u00e9galisation et c\u2019est parti. C\u2019est la magie du hockey.\u00a0\u00bb<\/p>\n<p><strong>Sacha Treille (attaquant et capitaine de Grenoble)\u00a0:<\/strong> \u00ab Il y a une vraie confiance dans ce groupe et quand on \u00e9tait men\u00e9, on l\u2019a dit sur le banc, on l\u2019a d\u00e9j\u00e0 fait en Allemagne (Grenoble \u00e9tait men\u00e9 0-3 avant de remonter 3-3 et l\u2019emporter aux tirs au but contre Berlin, NDLR). Savoir qu\u2019on l\u2019a fait par le pass\u00e9, on s\u2019est dit pourquoi pas le refaire aujourd\u2019hui. On a ajust\u00e9 pour mettre plus de pression et on a r\u00e9cup\u00e9r\u00e9 des bons palets et on conna\u00eet la suite du sc\u00e9nario. C\u2019est une sensation incroyable.\u00a0\u00bb<\/p>\n<p><strong>Per Hanberg (entra\u00eeneur de Grenoble)\u00a0:<\/strong> \u00ab\u00a0Je suis fier des joueurs, de l\u2019\u00e9quipe. On a affront\u00e9 une tr\u00e8s bonne \u00e9quipe de hockey, j\u2019ai le plus profond respect pour eux. On a parl\u00e9 depuis plusieurs jours sur le fait qu\u2019on peut faire quelque chose ensemble en tant qu\u2019\u00e9quipe et peut-\u00eatre faire ce qui n\u2019\u00e9tait pas attendu. On a pris beaucoup de confiance ces derniers jours. On sait qu\u2019on peut battre ce type d\u2019\u00e9quipe. Je pense qu\u2019on a r\u00e9ussi. On a montr\u00e9 que rien n\u2019est impossible dans le sport. Quel incroyable comeback de l\u2019\u00e9quipe dans le dernier tiers. Aujourd\u2019hui, on peut le dire, il ne faut jamais sonner la cloche avant la fin\u00a0\u00bb<\/p>\n","protected":false},"excerpt":{"rendered":"Les r\u00e9actions Fran\u00e7ois Beauchemin (attaquant de Grenoble)\u00a0: \u00ab\u00a0On est plein d\u2019\u00e9motions ce soir (lire mercredi), il s\u2019est pass\u00e9&hellip;\n","protected":false},"author":2,"featured_media":448712,"comment_status":"","ping_status":"","sticky":false,"template":"","format":"standard","meta":{"footnotes":""},"categories":[9566],"tags":[1111,11,2430,112,1777,674,1701,1011,27,2731,2732,4133,10145,108,12,25,517,1947],"class_list":{"0":"post-448711","1":"post","2":"type-post","3":"status-publish","4":"format-standard","5":"has-post-thumbnail","7":"category-grenoble","8":"tag-actu","9":"tag-actualites","10":"tag-auvergne-rhone-alpes","11":"tag-edition-grenoble-agglomeration","12":"tag-eu","13":"tag-europe","14":"tag-fil-info-sport","15":"tag-fr","16":"tag-france","17":"tag-grenoble","18":"tag-grenoble-bassin","19":"tag-hockey-sur-glace","20":"tag-hockey-sur-glace-grenoble","21":"tag-isere","22":"tag-news","23":"tag-republique-francaise","24":"tag-sport","25":"tag-sport-national"},"share_on_mastodon":{"url":"https:\/\/pubeurope.com\/@fr\/115341294557085981","error":""},"_links":{"self":[{"href":"https:\/\/www.europesays.com\/fr\/wp-json\/wp\/v2\/posts\/448711","targetHints":{"allow":["GET"]}}],"collection":[{"href":"https:\/\/www.europesays.com\/fr\/wp-json\/wp\/v2\/posts"}],"about":[{"href":"https:\/\/www.europesays.com\/fr\/wp-json\/wp\/v2\/types\/post"}],"author":[{"embeddable":true,"href":"https:\/\/www.europesays.com\/fr\/wp-json\/wp\/v2\/users\/2"}],"replies":[{"embeddable":true,"href":"https:\/\/www.europesays.com\/fr\/wp-json\/wp\/v2\/comments?post=448711"}],"version-history":[{"count":0,"href":"https:\/\/www.europesays.com\/fr\/wp-json\/wp\/v2\/posts\/448711\/revisions"}],"wp:featuredmedia":[{"embeddable":true,"href":"https:\/\/www.europesays.com\/fr\/wp-json\/wp\/v2\/media\/448712"}],"wp:attachment":[{"href":"https:\/\/www.europesays.com\/fr\/wp-json\/wp\/v2\/media?parent=448711"}],"wp:term":[{"taxonomy":"category","embeddable":true,"href":"https:\/\/www.europesays.com\/fr\/wp-json\/wp\/v2\/categories?post=448711"},{"taxonomy":"post_tag","embeddable":true,"href":"https:\/\/www.europesays.com\/fr\/wp-json\/wp\/v2\/tags?post=448711"}],"curies":[{"name":"wp","href":"https:\/\/api.w.org\/{rel}","templated":true}]}}