{"id":448717,"date":"2025-10-09T00:10:13","date_gmt":"2025-10-09T00:10:13","guid":{"rendered":"https:\/\/www.europesays.com\/fr\/448717\/"},"modified":"2025-10-09T00:10:13","modified_gmt":"2025-10-09T00:10:13","slug":"proche-orient-un-medecin-strasbourgeois-arrete-dans-une-nouvelle-flottille-pour-gaza-2","status":"publish","type":"post","link":"https:\/\/www.europesays.com\/fr\/448717\/","title":{"rendered":"Proche-Orient. Un m\u00e9decin strasbourgeois arr\u00eat\u00e9 dans une nouvelle flottille pour Gaza"},"content":{"rendered":"<p>\u00ab\u00a0Je m\u2019appelle Mohammed Abarguiss, je suis fran\u00e7ais. Si vous voyez cette vid\u00e9o, c\u2019est que j\u2019ai \u00e9t\u00e9 intercept\u00e9 en mer et kidnapp\u00e9 ill\u00e9galement par les forces d\u2019occupation isra\u00e9liennes ou par l\u2019un de ses alli\u00e9s, complices du g\u00e9nocide \u00e0 Gaza. Je demande votre mobilisation pour faire pression sur le gouvernement fran\u00e7ais et exiger ma lib\u00e9ration imm\u00e9diate ainsi que l\u2019ensemble de l\u2019\u00e9quipage.\u00a0\u00bb Dans ce message film\u00e9 sur fond de paysage m\u00e9diterran\u00e9en, l\u2019angiologue et urgentiste strasbourgeois appara\u00eet calme, le keffieh de rigueur autour de cou et v\u00eatu d\u2019un T-shirt floqu\u00e9 du mot sabr , \u201cpatience\u201d en arabe.<\/p>\n<p>Le Dr Abarguiss s\u2019\u00e9tait d\u00e9j\u00e0 rendu comme m\u00e9decin \u00e0 Gaza pendant la guerre. C\u2019est l\u2019un des dizaines de passagers, dont six autres Fran\u00e7ais, intercept\u00e9s par&#8230;<\/p>\n","protected":false},"excerpt":{"rendered":"\u00ab\u00a0Je m\u2019appelle Mohammed Abarguiss, je suis fran\u00e7ais. Si vous voyez cette vid\u00e9o, c\u2019est que j\u2019ai \u00e9t\u00e9 intercept\u00e9 en&hellip;\n","protected":false},"author":2,"featured_media":448460,"comment_status":"","ping_status":"","sticky":false,"template":"","format":"standard","meta":{"footnotes":""},"categories":[2820],"tags":[1111,11,2389,2649,3206,2880,1777,674,107,1011,27,775,12,25,640,2879],"class_list":{"0":"post-448717","1":"post","2":"type-post","3":"status-publish","4":"format-standard","5":"has-post-thumbnail","7":"category-strasbourg","8":"tag-actu","9":"tag-actualites","10":"tag-alsace","11":"tag-bas-rhin","12":"tag-defense-guerre-conflit","13":"tag-edition-strasbourg","14":"tag-eu","15":"tag-europe","16":"tag-fil-info","17":"tag-fr","18":"tag-france","19":"tag-grand-est","20":"tag-news","21":"tag-republique-francaise","22":"tag-strasbourg","23":"tag-strasbourg-ville"},"share_on_mastodon":{"url":"https:\/\/pubeurope.com\/@fr\/115341310344932074","error":""},"_links":{"self":[{"href":"https:\/\/www.europesays.com\/fr\/wp-json\/wp\/v2\/posts\/448717","targetHints":{"allow":["GET"]}}],"collection":[{"href":"https:\/\/www.europesays.com\/fr\/wp-json\/wp\/v2\/posts"}],"about":[{"href":"https:\/\/www.europesays.com\/fr\/wp-json\/wp\/v2\/types\/post"}],"author":[{"embeddable":true,"href":"https:\/\/www.europesays.com\/fr\/wp-json\/wp\/v2\/users\/2"}],"replies":[{"embeddable":true,"href":"https:\/\/www.europesays.com\/fr\/wp-json\/wp\/v2\/comments?post=448717"}],"version-history":[{"count":0,"href":"https:\/\/www.europesays.com\/fr\/wp-json\/wp\/v2\/posts\/448717\/revisions"}],"wp:featuredmedia":[{"embeddable":true,"href":"https:\/\/www.europesays.com\/fr\/wp-json\/wp\/v2\/media\/448460"}],"wp:attachment":[{"href":"https:\/\/www.europesays.com\/fr\/wp-json\/wp\/v2\/media?parent=448717"}],"wp:term":[{"taxonomy":"category","embeddable":true,"href":"https:\/\/www.europesays.com\/fr\/wp-json\/wp\/v2\/categories?post=448717"},{"taxonomy":"post_tag","embeddable":true,"href":"https:\/\/www.europesays.com\/fr\/wp-json\/wp\/v2\/tags?post=448717"}],"curies":[{"name":"wp","href":"https:\/\/api.w.org\/{rel}","templated":true}]}}