{"id":448732,"date":"2025-10-09T00:19:10","date_gmt":"2025-10-09T00:19:10","guid":{"rendered":"https:\/\/www.europesays.com\/fr\/448732\/"},"modified":"2025-10-09T00:19:10","modified_gmt":"2025-10-09T00:19:10","slug":"previsions-du-jeudi-9-octobre-2025-7","status":"publish","type":"post","link":"https:\/\/www.europesays.com\/fr\/448732\/","title":{"rendered":"pr\u00e9visions du jeudi 9 octobre 2025"},"content":{"rendered":"<p class=\"mb-4 text-lg md:leading-8 break-words\"><strong>M\u00e9t\u00e9o &#8211; Le soleil appara\u00eet l\u00e9g\u00e8rement aujourd&rsquo;hui. Ces \u00e9claircies devraient faire plaisir aux habitants. Les temp\u00e9ratures seront de 17\u00b0C le matin et de 21\u00b0C l&rsquo;apr\u00e8s-midi&#8230;<\/strong><\/p>\n<p class=\"mb-4 text-lg md:leading-8 break-words\">\u00c0 Toulouse les temp\u00e9ratures afficheront entre 14 et 21\u00b0C aujourd&rsquo;hui. La matin\u00e9e va rester couverte \u00e0 cause de petits nuages qui se maintiennent dans le ciel. Une l\u00e9g\u00e8re brise d&rsquo;ouest soufflera. L&rsquo;apr\u00e8s-midi, le soleil va peu \u00e0 peu se substituer aux nuages. Les temp\u00e9ratures vont monter de quelques degr\u00e9s. Les maximales atteindront les 21\u00b0C tandis que les minimales seront de 19\u00b0C. Le soir, le thermom\u00e8tre affichera 17\u00b0C en moyenne. On passera de jeudi \u00e0 vendredi par une nuit claire.<\/p>\n<p class=\"mb-4 text-lg md:leading-8 break-words\">Demain, un important soleil brillera sur Toulouse. Les valeurs s&rsquo;\u00e9chelonneront entre 12 et 23\u00b0C. Un l\u00e9ger vent de nord-ouest sera ressenti par les habitants. Il va faire 16\u00b0C en moyenne le matin. Une m\u00e9t\u00e9o plus chaude est attendue demain apr\u00e8s-midi \u00e9tant donn\u00e9 que les temp\u00e9ratures vont enregistrer une augmentation. Les valeurs seront de 20\u00b0C au minimum et de 23\u00b0C au plus haut. Demain soir, le vent va progressivement \u00e9loigner les nuages.<\/p>\n<p class=\"mb-4 text-lg md:leading-8 break-words\">Les jours suivants s&rsquo;annoncent identiques. On pr\u00e9voit des journ\u00e9es ensoleill\u00e9es, avec des temp\u00e9ratures dans les 19\u00b0C en moyenne.<\/p>\n<p class=\"mb-4 text-lg md:leading-8 break-words\"><a href=\"https:\/\/www.20minutes.fr\/planete\/previsions-meteo\/4178095-20251009-meteo-toulouse-previsions-jeudi-9-octobre-2025?at_medium=RSS%20feed&amp;at_campaign=ynews&amp;utm_source=yahoo&amp;utm_medium=rss&amp;utm_campaign=news_feed&amp;utm_content=read_more_link&quot;\" rel=\"nofollow noopener\" target=\"_blank\" data-ylk=\"slk:Lire la suite sur 20minutes;elm:context_link;itc:0;sec:content-canvas\" class=\"link \">Lire la suite sur 20minutes<\/a><\/p>\n","protected":false},"excerpt":{"rendered":"M\u00e9t\u00e9o &#8211; Le soleil appara\u00eet l\u00e9g\u00e8rement aujourd&rsquo;hui. Ces \u00e9claircies devraient faire plaisir aux habitants. Les temp\u00e9ratures seront de&hellip;\n","protected":false},"author":2,"featured_media":448733,"comment_status":"","ping_status":"","sticky":false,"template":"","format":"standard","meta":{"footnotes":""},"categories":[2816],"tags":[1111,11,55607,1777,674,1011,27,44166,6172,2487,12,2680,25,2312],"class_list":{"0":"post-448732","1":"post","2":"type-post","3":"status-publish","4":"format-standard","5":"has-post-thumbnail","7":"category-toulouse","8":"tag-actu","9":"tag-actualites","10":"tag-aujourdhui-2","11":"tag-eu","12":"tag-europe","13":"tag-fr","14":"tag-france","15":"tag-le-matin","16":"tag-le-soleil","17":"tag-meteo","18":"tag-news","19":"tag-occitanie","20":"tag-republique-francaise","21":"tag-toulouse"},"share_on_mastodon":{"url":"https:\/\/pubeurope.com\/@fr\/115341345643894771","error":""},"_links":{"self":[{"href":"https:\/\/www.europesays.com\/fr\/wp-json\/wp\/v2\/posts\/448732","targetHints":{"allow":["GET"]}}],"collection":[{"href":"https:\/\/www.europesays.com\/fr\/wp-json\/wp\/v2\/posts"}],"about":[{"href":"https:\/\/www.europesays.com\/fr\/wp-json\/wp\/v2\/types\/post"}],"author":[{"embeddable":true,"href":"https:\/\/www.europesays.com\/fr\/wp-json\/wp\/v2\/users\/2"}],"replies":[{"embeddable":true,"href":"https:\/\/www.europesays.com\/fr\/wp-json\/wp\/v2\/comments?post=448732"}],"version-history":[{"count":0,"href":"https:\/\/www.europesays.com\/fr\/wp-json\/wp\/v2\/posts\/448732\/revisions"}],"wp:featuredmedia":[{"embeddable":true,"href":"https:\/\/www.europesays.com\/fr\/wp-json\/wp\/v2\/media\/448733"}],"wp:attachment":[{"href":"https:\/\/www.europesays.com\/fr\/wp-json\/wp\/v2\/media?parent=448732"}],"wp:term":[{"taxonomy":"category","embeddable":true,"href":"https:\/\/www.europesays.com\/fr\/wp-json\/wp\/v2\/categories?post=448732"},{"taxonomy":"post_tag","embeddable":true,"href":"https:\/\/www.europesays.com\/fr\/wp-json\/wp\/v2\/tags?post=448732"}],"curies":[{"name":"wp","href":"https:\/\/api.w.org\/{rel}","templated":true}]}}