{"id":448746,"date":"2025-10-09T00:26:12","date_gmt":"2025-10-09T00:26:12","guid":{"rendered":"https:\/\/www.europesays.com\/fr\/448746\/"},"modified":"2025-10-09T00:26:12","modified_gmt":"2025-10-09T00:26:12","slug":"des-intelligences-a-decouvrir-en-ile-de-france-pour-la-fete-de-la-science","status":"publish","type":"post","link":"https:\/\/www.europesays.com\/fr\/448746\/","title":{"rendered":"Des \u00ab\u00a0Intelligence(s)\u00a0\u00bb \u00e0 d\u00e9couvrir en \u00cele-de-France pour la F\u00eate de la science"},"content":{"rendered":"\n<p lang=\"fr-FR\" style=\"margin-bottom: 0cm; font-style: normal;\">Jusqu&rsquo;au 13 octobre, le conseil r\u00e9gional invite les Franciliens \u00e0 c\u00e9l\u00e9brer la F\u00eate de la science autour de ce th\u00e8me. Vous devriez trouver votre bonheur avec pr\u00e8s de 600 \u00e9v\u00e9nements dans la r\u00e9gion, dont des dizaines soutenus par la collectivit\u00e9. Au programme\u00a0: ateliers, expositions, mais aussi projections et m\u00eame rencontres avec les chercheurs. L&rsquo;\u00cele-de-France souligne que la diffusion des connaissances aupr\u00e8s du grand public est un \u00ab\u00a0pilier\u00a0\u00bb du soutien \u00e0 la recherche. Retrouvez le programme sur <a href=\"https:\/\/www.iledefrance.fr\/tous-les-evenements\/la-fete-de-la-science-en-ile-de-france\" target=\"_blank\" rel=\"noopener\">www.iledefrance.fr<\/a>.<\/p>\n<p lang=\"fr-FR\" style=\"margin-bottom: 0cm; font-style: normal;\">\u00a0<\/p>\n<p lang=\"fr-FR\" style=\"margin-bottom: 0cm; font-style: normal;\">\u00a0<\/p>\n<p lang=\"fr-FR\" style=\"margin-bottom: 0cm;\">Nicolas Chacun<\/p>\n<p>!function(f,b,e,v,n,t,s){if(f.fbq)return;n=f.fbq=function(){n.callMethod?<br \/>\nn.callMethod.apply(n,arguments):n.queue.push(arguments)};if(!f._fbq)f._fbq=n;<br \/>\nn.push=n;n.loaded=!0;n.version=&rsquo;2.0&prime;;n.queue=[];t=b.createElement(e);t.async=!0;<br \/>\nt.src=v;s=b.getElementsByTagName(e)[0];s.parentNode.insertBefore(t,s)}(window,<br \/>\ndocument,&rsquo;script&rsquo;,&rsquo;https:\/\/connect.facebook.net\/en_US\/fbevents.js&rsquo;);<br \/>\nfbq(&lsquo;init&rsquo;, &lsquo;278974969201861&rsquo;); \/\/ Insert your pixel ID here.<br \/>\nfbq(&lsquo;track&rsquo;, &lsquo;PageView&rsquo;);<\/p>\n","protected":false},"excerpt":{"rendered":"Jusqu&rsquo;au 13 octobre, le conseil r\u00e9gional invite les Franciliens \u00e0 c\u00e9l\u00e9brer la F\u00eate de la science autour de&hellip;\n","protected":false},"author":2,"featured_media":448747,"comment_status":"","ping_status":"","sticky":false,"template":"","format":"standard","meta":{"footnotes":""},"categories":[1592],"tags":[1111,11,1933,1936,1777,1939,674,1011,27,662,1934,12,1940,626,1935,25,1937,1941,1938],"class_list":{"0":"post-448746","1":"post","2":"type-post","3":"status-publish","4":"format-standard","5":"has-post-thumbnail","7":"category-ile-de-france","8":"tag-actu","9":"tag-actualites","10":"tag-actualites-locales","11":"tag-essonne","12":"tag-eu","13":"tag-eure-et-loir","14":"tag-europe","15":"tag-fr","16":"tag-france","17":"tag-ile-de-france","18":"tag-infos-locales","19":"tag-news","20":"tag-oise","21":"tag-paris","22":"tag-pres-de-chez-vous","23":"tag-republique-francaise","24":"tag-seine-et-marne","25":"tag-somme","26":"tag-yvelines"},"share_on_mastodon":{"url":"https:\/\/pubeurope.com\/@fr\/115341373175019836","error":""},"_links":{"self":[{"href":"https:\/\/www.europesays.com\/fr\/wp-json\/wp\/v2\/posts\/448746","targetHints":{"allow":["GET"]}}],"collection":[{"href":"https:\/\/www.europesays.com\/fr\/wp-json\/wp\/v2\/posts"}],"about":[{"href":"https:\/\/www.europesays.com\/fr\/wp-json\/wp\/v2\/types\/post"}],"author":[{"embeddable":true,"href":"https:\/\/www.europesays.com\/fr\/wp-json\/wp\/v2\/users\/2"}],"replies":[{"embeddable":true,"href":"https:\/\/www.europesays.com\/fr\/wp-json\/wp\/v2\/comments?post=448746"}],"version-history":[{"count":0,"href":"https:\/\/www.europesays.com\/fr\/wp-json\/wp\/v2\/posts\/448746\/revisions"}],"wp:featuredmedia":[{"embeddable":true,"href":"https:\/\/www.europesays.com\/fr\/wp-json\/wp\/v2\/media\/448747"}],"wp:attachment":[{"href":"https:\/\/www.europesays.com\/fr\/wp-json\/wp\/v2\/media?parent=448746"}],"wp:term":[{"taxonomy":"category","embeddable":true,"href":"https:\/\/www.europesays.com\/fr\/wp-json\/wp\/v2\/categories?post=448746"},{"taxonomy":"post_tag","embeddable":true,"href":"https:\/\/www.europesays.com\/fr\/wp-json\/wp\/v2\/tags?post=448746"}],"curies":[{"name":"wp","href":"https:\/\/api.w.org\/{rel}","templated":true}]}}