{"id":448782,"date":"2025-10-09T00:46:14","date_gmt":"2025-10-09T00:46:14","guid":{"rendered":"https:\/\/www.europesays.com\/fr\/448782\/"},"modified":"2025-10-09T00:46:14","modified_gmt":"2025-10-09T00:46:14","slug":"frederic-fauthoux-reste-lentraineur-de-lequipe-de-france","status":"publish","type":"post","link":"https:\/\/www.europesays.com\/fr\/448782\/","title":{"rendered":"Fr\u00e9d\u00e9ric Fauthoux reste l&rsquo;entra\u00eeneur de l&rsquo;\u00c9quipe de France"},"content":{"rendered":"<p style=\"text-align:justify\"><strong>Apr\u00e8s la d\u00e9ception repr\u00e9sent\u00e9e par la d\u00e9faite de l\u2019\u00c9quipe de France face \u00e0 la G\u00e9orgie, Jean-Pierre Hunckler, pr\u00e9sident de la F\u00e9d\u00e9ration Fran\u00e7aise de Basket-Ball n\u2019a pas laiss\u00e9 la place au doute. Fr\u00e9d\u00e9ric Fauthoux reste l\u2019entra\u00eeneur des Bleus !<\/strong><\/p>\n<p style=\"text-align:justify\">Fr\u00e9d\u00e9ric Fauthoux a v\u00e9cu sa premi\u00e8re comp\u00e9tition international en tant qu\u2019entra\u00eeneur de l\u2019\u00c9quipe de France de basket-ball. Le r\u00e9sultat est une d\u00e9ception avec ce huiti\u00e8me de finale perdu face \u00e0 la G\u00e9orgie, mais Jean-Pierre Hunckler, pr\u00e9sident de la FFBB refuse d\u2019oublier les bonnes choses d\u00e9j\u00e0 r\u00e9alis\u00e9es par l\u2019ancien coach de la JL Bourg.<\/p>\n<p dir=\"ltr\" lang=\"fr\">Fr\u00e9d\u00e9ric Fauthoux restera bien \u00e0 la t\u00eate des Bleus.<\/p>\n<p>\u00ab\u00a0On ne change pas de s\u00e9lectionneur tous les trois mois\u00a0\u00bb, d\u00e9clare Jean-Pierre Hunckler (pr\u00e9sident de la f\u00e9d\u00e9) \u00e0 <a href=\"https:\/\/twitter.com\/lequipe?ref_src=twsrc%5Etfw\" target=\"_blank\" rel=\"noopener\">@lequipe<\/a><a href=\"https:\/\/t.co\/S1GPhVBrgh\">https:\/\/t.co\/S1GPhVBrgh<\/a><\/p>\n<p>\u2014 TrashTalk (@TrashTalk_fr) <a href=\"https:\/\/twitter.com\/TrashTalk_fr\/status\/1965037845015564401?ref_src=twsrc%5Etfw\" target=\"_blank\" rel=\"noopener\">September 8, 2025<\/a><\/p>\n<p style=\"text-align:justify\">\u00ab\u00a0Freddy\u00a0\u00bb avait commenc\u00e9 son mandat par 11 victoires cons\u00e9cutives et a su cr\u00e9er un excellent \u00e9tat d\u2019esprit tout au long de la pr\u00e9paration. Des \u00e9l\u00e9ments qui ont jou\u00e9 en sa faveur puisqu\u2019au lendemain de l\u2019\u00e9limination des Bleus, son maintien a d\u00e9j\u00e0 \u00e9t\u00e9 annonc\u00e9 dans <a target=\"_blank\" rel=\"noopener\" href=\"https:\/\/www.lequipe.fr\/Basket\/Actualites\/-on-ne-change-pas-de-selectionneur-tous-les-trois-mois-jean-pierre-hunckler-confirme-frederic-fauthoux-dans-ses-fonctions-malgre-l-elimination-des-bleus-a-l-euro\/1591513?fbclid=IwY2xjawMrsw5leHRuA2FlbQIxMABicmlkETBWQ1p0blEwMnM1NVo1VUx5AR4BKpTtueVDa4fjVKX1h7O3lE5uQzjIFuedDCPY_kAcr8Ud-UXLHmSMLxQWCQ_aem_MllBc2oPHJUXpjTKS4eEOA\">l\u2019\u00c9quipe<\/a> :<\/p>\n<blockquote>\n<p style=\"text-align:justify\">\u00ab\u00a0J\u2019ai confirm\u00e9 d\u00e8s dimanche soir Fr\u00e9d\u00e9ric Fauthoux, devant les joueurs et le staff, a ainsi livr\u00e9 le Roannais. Fr\u00e9d\u00e9ric \u00e9tait marqu\u00e9. Il se pose des questions. C\u2019est quelqu\u2019un de responsable. <a href=\"https:\/\/trashtalk.co\/2025\/09\/08\/frederic-fauthoux-cest-un-echec-quil-faudra-assumer\/\" target=\"_blank\" rel=\"noopener\">Il a parl\u00e9 d\u2019\u00e9chec<\/a> et a dit se mettre \u00e0 la disposition des \u00e9ventuelles d\u00e9cisions \u00e0 prendre. J\u2019ai pris la parole pour dire que l\u2019on \u00e9tait dans un processus qui m\u00e8ne aux Jeux de 2028. On ne change pas de s\u00e9lectionneur tous les trois mois parce qu\u2019il y a un \u00e9chec avec des circonstances. J\u2019ai donc renouvel\u00e9 ma confiance \u00e0 Freddy et tout son staff.\u00a0\u00bb \u2013 Jean-Pierre Hunckler<\/p>\n<\/blockquote>\n<p style=\"text-align:justify\">Sauf immense surprise, le visage \u00e0 la t\u00eate des Bleus ne changera pas avant la fin de l\u2019olympiade. Fr\u00e9d\u00e9ric Fauthoux a rassur\u00e9 par la gestion de ses temps-morts, la plupart de ses rotations et son lien avec ses joueurs. D\u00e9sormais, il faudra \u00eatre capable de d\u00e9velopper un jeu offensif plus l\u00e9ch\u00e9 et des solutions plus nombreuses en fin de match.<\/p>\n<p>Source texte : L\u2019\u00c9quipe<\/p>\n<p><script async src=\"https:\/\/platform.twitter.com\/widgets.js\" charset=\"utf-8\"><\/script><\/p>\n","protected":false},"excerpt":{"rendered":"Apr\u00e8s la d\u00e9ception repr\u00e9sent\u00e9e par la d\u00e9faite de l\u2019\u00c9quipe de France face \u00e0 la G\u00e9orgie, Jean-Pierre Hunckler, pr\u00e9sident&hellip;\n","protected":false},"author":2,"featured_media":448783,"comment_status":"","ping_status":"","sticky":false,"template":"","format":"standard","meta":{"footnotes":""},"categories":[1414],"tags":[1465,1464,1011,27,60],"class_list":{"0":"post-448782","1":"post","2":"type-post","3":"status-publish","4":"format-standard","5":"has-post-thumbnail","7":"category-basket","8":"tag-basket","9":"tag-basketball","10":"tag-fr","11":"tag-france","12":"tag-sports"},"share_on_mastodon":{"url":"https:\/\/pubeurope.com\/@fr\/115341451846292216","error":""},"_links":{"self":[{"href":"https:\/\/www.europesays.com\/fr\/wp-json\/wp\/v2\/posts\/448782","targetHints":{"allow":["GET"]}}],"collection":[{"href":"https:\/\/www.europesays.com\/fr\/wp-json\/wp\/v2\/posts"}],"about":[{"href":"https:\/\/www.europesays.com\/fr\/wp-json\/wp\/v2\/types\/post"}],"author":[{"embeddable":true,"href":"https:\/\/www.europesays.com\/fr\/wp-json\/wp\/v2\/users\/2"}],"replies":[{"embeddable":true,"href":"https:\/\/www.europesays.com\/fr\/wp-json\/wp\/v2\/comments?post=448782"}],"version-history":[{"count":0,"href":"https:\/\/www.europesays.com\/fr\/wp-json\/wp\/v2\/posts\/448782\/revisions"}],"wp:featuredmedia":[{"embeddable":true,"href":"https:\/\/www.europesays.com\/fr\/wp-json\/wp\/v2\/media\/448783"}],"wp:attachment":[{"href":"https:\/\/www.europesays.com\/fr\/wp-json\/wp\/v2\/media?parent=448782"}],"wp:term":[{"taxonomy":"category","embeddable":true,"href":"https:\/\/www.europesays.com\/fr\/wp-json\/wp\/v2\/categories?post=448782"},{"taxonomy":"post_tag","embeddable":true,"href":"https:\/\/www.europesays.com\/fr\/wp-json\/wp\/v2\/tags?post=448782"}],"curies":[{"name":"wp","href":"https:\/\/api.w.org\/{rel}","templated":true}]}}