{"id":448790,"date":"2025-10-09T00:50:11","date_gmt":"2025-10-09T00:50:11","guid":{"rendered":"https:\/\/www.europesays.com\/fr\/448790\/"},"modified":"2025-10-09T00:50:11","modified_gmt":"2025-10-09T00:50:11","slug":"bellingham-et-endrick-brillent-en-amical","status":"publish","type":"post","link":"https:\/\/www.europesays.com\/fr\/448790\/","title":{"rendered":"Bellingham et Endrick brillent en amical"},"content":{"rendered":"<p>Ces derniers jours, plusieurs joueurs du <a href=\"https:\/\/www.footmercato.net\/club\/real-madrid\/\" rel=\"nofollow noopener\" target=\"_blank\">Real Madrid<\/a> ont quitt\u00e9 la capitale espagnole afin de rejoindre leurs s\u00e9lections nationales. D\u2019autres sont rest\u00e9s \u00e0 Valdebebas afin de continuer \u00e0 travailler. C\u2019est le cas de <a href=\"https:\/\/www.footmercato.net\/joueur\/jude-bellingham\/\" rel=\"nofollow noopener\" target=\"_blank\">Jude Bellingham<\/a>, qui a fait r\u00e9cemment son retour de blessure. D\u2019un commun accord avec Thomas Tuchel, il a \u00e9t\u00e9 d\u00e9cid\u00e9 qu\u2019il resterait \u00e0 Madrid pour continuer \u00e0 bosser physiquement. Un choix qui semble porter ses fruits puisque l\u2019Anglais a \u00e9t\u00e9 excellent lors de l\u2019amical jou\u00e9 face au Castilla selon <a href=\"https:\/\/www.marca.com\/futbol\/real-madrid\/2025\/10\/08\/bellingham-pone-serio-amistoso.html\" rel=\"nofollow noopener\" target=\"_blank\">Marca<\/a>.<\/p>\n<p>            La suite apr\u00e8s cette publicit\u00e9<\/p>\n<p>La publication espagnole ajoute que Bellingham, qui a retrouv\u00e9 la confiance au poste de num\u00e9ro 10, a marqu\u00e9 un but d\u2019un lob \u00e9poustouflant. Tout cela a ravi Xabi Alonso, qui compte sur lui. Mais ce n\u2019est pas l\u2019unique joueur \u00e0 avoir retrouv\u00e9 le sourire. <a href=\"https:\/\/www.footmercato.net\/joueur\/endrick-felipe-moreira-de-sousa\/\" rel=\"nofollow noopener\" target=\"_blank\">Endrick<\/a>, qui n\u2019a pas eu une seule minute de jeu lors des matches officiels, a aussi marqu\u00e9 des points. Le Br\u00e9silien, qui a faim, a marqu\u00e9 d\u2019une frappe s\u00e8che. Les Merengues se sont impos\u00e9s 2 \u00e0 1. Il faut noter que Fede Valverde a \u00e9t\u00e9 align\u00e9 au poste de lat\u00e9ral droit, o\u00f9 le Real Madrid conna\u00eet une p\u00e9nurie. <\/p>\n<p>\n    Pub. le 08\/10\/2025 22:11<br \/>\n            &#8211; MAJ le 09\/10\/2025 00:31\n    <\/p>\n","protected":false},"excerpt":{"rendered":"Ces derniers jours, plusieurs joueurs du Real Madrid ont quitt\u00e9 la capitale espagnole afin de rejoindre leurs s\u00e9lections&hellip;\n","protected":false},"author":2,"featured_media":81900,"comment_status":"","ping_status":"","sticky":false,"template":"","format":"standard","meta":{"footnotes":""},"categories":[1410],"tags":[63,1011,27,60],"class_list":{"0":"post-448790","1":"post","2":"type-post","3":"status-publish","4":"format-standard","5":"has-post-thumbnail","7":"category-football","8":"tag-football","9":"tag-fr","10":"tag-france","11":"tag-sports"},"share_on_mastodon":{"url":"https:\/\/pubeurope.com\/@fr\/115341467573103770","error":""},"_links":{"self":[{"href":"https:\/\/www.europesays.com\/fr\/wp-json\/wp\/v2\/posts\/448790","targetHints":{"allow":["GET"]}}],"collection":[{"href":"https:\/\/www.europesays.com\/fr\/wp-json\/wp\/v2\/posts"}],"about":[{"href":"https:\/\/www.europesays.com\/fr\/wp-json\/wp\/v2\/types\/post"}],"author":[{"embeddable":true,"href":"https:\/\/www.europesays.com\/fr\/wp-json\/wp\/v2\/users\/2"}],"replies":[{"embeddable":true,"href":"https:\/\/www.europesays.com\/fr\/wp-json\/wp\/v2\/comments?post=448790"}],"version-history":[{"count":0,"href":"https:\/\/www.europesays.com\/fr\/wp-json\/wp\/v2\/posts\/448790\/revisions"}],"wp:featuredmedia":[{"embeddable":true,"href":"https:\/\/www.europesays.com\/fr\/wp-json\/wp\/v2\/media\/81900"}],"wp:attachment":[{"href":"https:\/\/www.europesays.com\/fr\/wp-json\/wp\/v2\/media?parent=448790"}],"wp:term":[{"taxonomy":"category","embeddable":true,"href":"https:\/\/www.europesays.com\/fr\/wp-json\/wp\/v2\/categories?post=448790"},{"taxonomy":"post_tag","embeddable":true,"href":"https:\/\/www.europesays.com\/fr\/wp-json\/wp\/v2\/tags?post=448790"}],"curies":[{"name":"wp","href":"https:\/\/api.w.org\/{rel}","templated":true}]}}