{"id":448791,"date":"2025-10-09T00:51:09","date_gmt":"2025-10-09T00:51:09","guid":{"rendered":"https:\/\/www.europesays.com\/fr\/448791\/"},"modified":"2025-10-09T00:51:09","modified_gmt":"2025-10-09T00:51:09","slug":"zach-bryan-star-de-la-country-provoque-la-colere-de-ladministration-trump-avec-une-chanson","status":"publish","type":"post","link":"https:\/\/www.europesays.com\/fr\/448791\/","title":{"rendered":"Zach Bryan, star de la country, provoque la col\u00e8re de l&rsquo;administration Trump avec une chanson"},"content":{"rendered":"<p>Le chanteur de 29\u00a0ans, qui remplit les stades gr\u00e2ce \u00e0 un genre habituellement pris\u00e9 des conservateurs am\u00e9ricains, a r\u00e9cemment post\u00e9 l\u2019extrait d\u2019un nouveau titre sur Instagram, o\u00f9 il chante que \u00ab\u00a0ICE va venir d\u00e9foncer ta porte\u00a0\u00bb et que \u00ab\u00a0les enfants sont tous effray\u00e9s et tous seuls\u00a0\u00bb. \u00ab\u00a0J\u2019esp\u00e8re qu\u2019il comprend \u00e0 quel point cette chanson est compl\u00e8tement irrespectueuse, non seulement envers les forces de l\u2019ordre mais aussi envers ce pays\u00a0\u00bb, a r\u00e9agi la ministre am\u00e9ricaine \u00e0 la S\u00e9curit\u00e9 int\u00e9rieure, Kristi Noem, interrog\u00e9e sur le sujet par un influenceur de droite.<\/p>\n<p>Une porte-parole du minist\u00e8re a \u00e9galement sugg\u00e9r\u00e9 au chanteur de \u00ab\u00a0s\u2019en tenir \u00e0 \u00ab\u00a0Pink Skies\u00a0\u00bb\u00a0\u00bb, un titre o\u00f9 il exprimait sa fiert\u00e9 pour sa ville natale. Le minist\u00e8re a \u00e9galement moqu\u00e9 l\u2019artiste sur X en publiant une vid\u00e9o o\u00f9 des agents d\u2019ICE arr\u00eatent des migrants, avec en bande sonore une autre de ses chansons. Zach Bryan, qui a servi sept ans dans la marine am\u00e9ricaine et dont les parents sont tous deux d\u2019anciens militaires, a balay\u00e9 mardi les critiques sur sa nouvelle chanson, intitul\u00e9e \u00ab\u00a0Bad News\u00a0\u00bb, qui refl\u00e8te selon lui son amour pour son pays.<\/p>\n<p>Bataille culturelle<\/p>\n<p>\u00ab\u00a0Voir \u00e0 quel point [la chanson] a fait tout un remue-m\u00e9nage me rend non seulement embarrass\u00e9 mais aussi un peu effray\u00e9\u00a0\u00bb, a expliqu\u00e9 l\u2019artiste sur Instagram. \u00ab\u00a0Lorsque vous entendrez le reste de la chanson, vous comprendrez le contexte complet qui critique les deux c\u00f4t\u00e9s\u00a0\u00bb, la gauche, comme la droite. \u00ab\u00a0Pour \u00eatre clair, je ne suis d\u2019aucun des deux c\u00f4t\u00e9s radicaux.\u00a0\u00bb<\/p>\n","protected":false},"excerpt":{"rendered":"Le chanteur de 29\u00a0ans, qui remplit les stades gr\u00e2ce \u00e0 un genre habituellement pris\u00e9 des conservateurs am\u00e9ricains, a&hellip;\n","protected":false},"author":2,"featured_media":448792,"comment_status":"","ping_status":"","sticky":false,"template":"","format":"standard","meta":{"footnotes":""},"categories":[1359],"tags":[58,59,1011,27,973],"class_list":{"0":"post-448791","1":"post","2":"type-post","3":"status-publish","4":"format-standard","5":"has-post-thumbnail","7":"category-people","8":"tag-divertissement","9":"tag-entertainment","10":"tag-fr","11":"tag-france","12":"tag-people"},"share_on_mastodon":{"url":"https:\/\/pubeurope.com\/@fr\/115341471981085693","error":""},"_links":{"self":[{"href":"https:\/\/www.europesays.com\/fr\/wp-json\/wp\/v2\/posts\/448791","targetHints":{"allow":["GET"]}}],"collection":[{"href":"https:\/\/www.europesays.com\/fr\/wp-json\/wp\/v2\/posts"}],"about":[{"href":"https:\/\/www.europesays.com\/fr\/wp-json\/wp\/v2\/types\/post"}],"author":[{"embeddable":true,"href":"https:\/\/www.europesays.com\/fr\/wp-json\/wp\/v2\/users\/2"}],"replies":[{"embeddable":true,"href":"https:\/\/www.europesays.com\/fr\/wp-json\/wp\/v2\/comments?post=448791"}],"version-history":[{"count":0,"href":"https:\/\/www.europesays.com\/fr\/wp-json\/wp\/v2\/posts\/448791\/revisions"}],"wp:featuredmedia":[{"embeddable":true,"href":"https:\/\/www.europesays.com\/fr\/wp-json\/wp\/v2\/media\/448792"}],"wp:attachment":[{"href":"https:\/\/www.europesays.com\/fr\/wp-json\/wp\/v2\/media?parent=448791"}],"wp:term":[{"taxonomy":"category","embeddable":true,"href":"https:\/\/www.europesays.com\/fr\/wp-json\/wp\/v2\/categories?post=448791"},{"taxonomy":"post_tag","embeddable":true,"href":"https:\/\/www.europesays.com\/fr\/wp-json\/wp\/v2\/tags?post=448791"}],"curies":[{"name":"wp","href":"https:\/\/api.w.org\/{rel}","templated":true}]}}