{"id":448793,"date":"2025-10-09T00:52:52","date_gmt":"2025-10-09T00:52:52","guid":{"rendered":"https:\/\/www.europesays.com\/fr\/448793\/"},"modified":"2025-10-09T00:52:52","modified_gmt":"2025-10-09T00:52:52","slug":"un-appartement-dinspiration-new-yorkaise-pour-un-passionne","status":"publish","type":"post","link":"https:\/\/www.europesays.com\/fr\/448793\/","title":{"rendered":"Un appartement d\u2019inspiration new-yorkaise pour un passionn\u00e9"},"content":{"rendered":"<p>Dans cet appartement perch\u00e9 au c\u0153ur de Valladolid, tout respire la vitesse et le style. Le propri\u00e9taire, amateur de moteurs et de cin\u00e9ma, voulait un int\u00e9rieur qui lui ressemble pour refl\u00e9ter ses passion. C&rsquo;est le studio <a href=\"https:\/\/www.instagram.com\/elaticodedaniela\/\" rel=\"nofollow noopener\" target=\"_blank\">EL \u00c1TICO DE DANIELA<\/a> qui a r\u00e9ussi \u00e0 lui donner l&rsquo;appartement d&rsquo;inspiration new-yorkaise dont il r\u00eavait.\u00a0 Les papiers peints r\u00e9tro de <a href=\"https:\/\/coordonne.com\/fr\/shop\/wallpapers\/\" rel=\"nofollow noopener\" target=\"_blank\">Coordonn\u00e9<\/a>, dans des tons sobres, rythment les volumes sans les saturer. Le mur de briques apparentes, clin d\u2019\u0153il aux <a href=\"https:\/\/planete-deco.fr\/2025\/05\/16\/un-loft-lumineux-a-new-york-pour-vitra\/\" rel=\"nofollow noopener\" target=\"_blank\">lofts<\/a> new-yorkais, apporte la touche brute id\u00e9ale. L\u2019\u00e9clairage, pens\u00e9 comme une mise en sc\u00e8ne, module les ambiances du matin au soir.<\/p>\n<p>Bois nobles, velours terracotta, acier et finitions laiton s\u2019entrem\u00ealent dans un mobilier sur mesure cr\u00e9\u00e9 par le studio. Les d\u00e9tails, eux, racontent une histoire : \u0153uvres urbaines de Gongas et Le Yack, sculptures d\u2019avion, photos de voitures mythiques. Dans cet <a href=\"https:\/\/planete-deco.fr\/2025\/06\/22\/un-appartement-neuf-de-180m2-en-espagne-ou-la-personnalite-manquait\/\" rel=\"nofollow noopener\" target=\"_blank\">appartement<\/a> d&rsquo;inspiration new-yorkaise, chaque \u00e9l\u00e9ment parle de passion et d\u2019identit\u00e9. C&rsquo;est un v\u00e9ritable refuge masculin qui ressemble \u00e0 son propri\u00e9taire. Photo : Esther del Castillo<\/p>\n<p>A New York-inspired flat for an enthusiast<br \/>In this flat perched in the heart of Valladolid, everything exudes speed and style. The owner, a motor and cinema enthusiast, wanted an interior that reflected his passions. The EL \u00c1TICO DE DANIELA studio succeeded in giving him the New York-inspired flat of his dreams. Retro wallpaper by Coordonn\u00e9, in subtle tones, punctuates the space without overwhelming it. The exposed brick wall, a nod to New York lofts, adds the perfect raw touch. The lighting, designed to create a dramatic effect, sets the mood from morning to night.<\/p>\n<p>Fine woods, terracotta velvet, steel and brass finishes intermingle in the custom-made furniture created by the studio. The details tell a story: urban artworks by Gongas and Le Yack, aeroplane sculptures, photos of legendary cars. In this New York-inspired flat, every element speaks of passion and identity. It is a true masculine refuge that resembles its owner. Photo: Esther del Castillo<\/p>\n<p><a href=\"https:\/\/www.europesays.com\/fr\/wp-content\/uploads\/2025\/10\/AT1.jpg\"><img decoding=\"async\" loading=\"lazy\" class=\"alignnone wp-image-471962 size-full\" src=\"https:\/\/www.europesays.com\/fr\/wp-content\/uploads\/2025\/10\/AT1.jpg\" alt=\"salon mur de briques anciennes appartement contemporain\" width=\"1600\" height=\"1200\"\/><a class=\"pin-btn\" data-pin-custom=\"true\" href=\"https:\/\/pinterest.com\/pin\/create\/button\/?url=https:\/\/planete-deco.fr\/2025\/10\/08\/un-appartement-dinspiration-new-yorkaise-pour-un-passionne\/&amp;media=https:\/\/www.europesays.com\/fr\/wp-content\/uploads\/2025\/10\/AT1.jpg&amp;description=Dans cet appartement perch\u00e9 au c\u0153ur de Valladolid, tout respire la vitesse et le style. Le propri\u00e9taire, amateur de moteurs et de cin\u00e9ma, voulait un int\u00e9rieur qui lui ressemble pour\u2026\" target=\"_blank\" title=\"Share on Pinterest\"><img decoding=\"async\" src=\"https:\/\/www.europesays.com\/fr\/wp-content\/uploads\/2025\/05\/share_pinterest.png\" alt=\"Share on Pinterest\"\/><\/a><br \/>\n<\/a><\/p>\n<p><a href=\"https:\/\/www.europesays.com\/fr\/wp-content\/uploads\/2025\/10\/AT02.jpg\"><img decoding=\"async\" loading=\"lazy\" class=\"alignnone wp-image-471963 size-full\" src=\"https:\/\/www.europesays.com\/fr\/wp-content\/uploads\/2025\/10\/AT02.jpg\" alt=\"salle \u00e0 manger et salon appartement contemporain\" width=\"1200\" height=\"1600\"  \/><a class=\"pin-btn\" data-pin-custom=\"true\" href=\"https:\/\/pinterest.com\/pin\/create\/button\/?url=https:\/\/planete-deco.fr\/2025\/10\/08\/un-appartement-dinspiration-new-yorkaise-pour-un-passionne\/&amp;media=https:\/\/www.europesays.com\/fr\/wp-content\/uploads\/2025\/10\/AT02.jpg&amp;description=Dans cet appartement perch\u00e9 au c\u0153ur de Valladolid, tout respire la vitesse et le style. Le propri\u00e9taire, amateur de moteurs et de cin\u00e9ma, voulait un int\u00e9rieur qui lui ressemble pour\u2026\" target=\"_blank\" title=\"Share on Pinterest\"><img decoding=\"async\" src=\"https:\/\/www.europesays.com\/fr\/wp-content\/uploads\/2025\/05\/share_pinterest.png\" alt=\"Share on Pinterest\"\/><\/a><br \/>\n<\/a><\/p>\n<p><a href=\"https:\/\/www.europesays.com\/fr\/wp-content\/uploads\/2025\/10\/AT3.jpg\"><img decoding=\"async\" loading=\"lazy\" class=\"alignnone wp-image-471964 size-full\" src=\"https:\/\/www.europesays.com\/fr\/wp-content\/uploads\/2025\/10\/AT3.jpg\" alt=\"salon avec papier-peint appartement contemporain\" width=\"1200\" height=\"1600\"  \/><a class=\"pin-btn\" data-pin-custom=\"true\" href=\"https:\/\/pinterest.com\/pin\/create\/button\/?url=https:\/\/planete-deco.fr\/2025\/10\/08\/un-appartement-dinspiration-new-yorkaise-pour-un-passionne\/&amp;media=https:\/\/www.europesays.com\/fr\/wp-content\/uploads\/2025\/10\/AT3.jpg&amp;description=Dans cet appartement perch\u00e9 au c\u0153ur de Valladolid, tout respire la vitesse et le style. Le propri\u00e9taire, amateur de moteurs et de cin\u00e9ma, voulait un int\u00e9rieur qui lui ressemble pour\u2026\" target=\"_blank\" title=\"Share on Pinterest\"><img decoding=\"async\" src=\"https:\/\/www.europesays.com\/fr\/wp-content\/uploads\/2025\/05\/share_pinterest.png\" alt=\"Share on Pinterest\"\/><\/a><br \/>\n<\/a><\/p>\n<p><a href=\"https:\/\/planete-deco.fr\/wp-content\/uploads\/2025\/10\/AT4.jpg\" rel=\"nofollow noopener\" target=\"_blank\"><img decoding=\"async\" loading=\"lazy\" class=\"alignnone wp-image-471965 size-full\" src=\"https:\/\/www.europesays.com\/fr\/wp-content\/uploads\/2025\/10\/AT4-1536x1152.jpg\" alt=\"salon et entr\u00e9e mur briques anciennes appartement contemporain\" width=\"1536\" height=\"1152\"  \/><a class=\"pin-btn\" data-pin-custom=\"true\" href=\"https:\/\/pinterest.com\/pin\/create\/button\/?url=https:\/\/planete-deco.fr\/2025\/10\/08\/un-appartement-dinspiration-new-yorkaise-pour-un-passionne\/&amp;media=https:\/\/planete-deco.fr\/wp-content\/uploads\/2025\/10\/AT4.jpg&amp;description=Dans cet appartement perch\u00e9 au c\u0153ur de Valladolid, tout respire la vitesse et le style. Le propri\u00e9taire, amateur de moteurs et de cin\u00e9ma, voulait un int\u00e9rieur qui lui ressemble pour\u2026\" target=\"_blank\" title=\"Share on Pinterest\" rel=\"nofollow noopener\"><img decoding=\"async\" src=\"https:\/\/www.europesays.com\/fr\/wp-content\/uploads\/2025\/05\/share_pinterest.png\" alt=\"Share on Pinterest\"\/><\/a><br \/>\n<\/a><\/p>\n<p><a href=\"https:\/\/www.europesays.com\/fr\/wp-content\/uploads\/2025\/10\/AT5.jpg\"><img decoding=\"async\" loading=\"lazy\" class=\"alignnone wp-image-471966 size-full\" src=\"https:\/\/www.europesays.com\/fr\/wp-content\/uploads\/2025\/10\/AT5.jpg\" alt=\"entr\u00e9e avec papier-peint et banc rouge appartement contemporain\" width=\"1200\" height=\"1600\"  \/><a class=\"pin-btn\" data-pin-custom=\"true\" href=\"https:\/\/pinterest.com\/pin\/create\/button\/?url=https:\/\/planete-deco.fr\/2025\/10\/08\/un-appartement-dinspiration-new-yorkaise-pour-un-passionne\/&amp;media=https:\/\/www.europesays.com\/fr\/wp-content\/uploads\/2025\/10\/AT5.jpg&amp;description=Dans cet appartement perch\u00e9 au c\u0153ur de Valladolid, tout respire la vitesse et le style. Le propri\u00e9taire, amateur de moteurs et de cin\u00e9ma, voulait un int\u00e9rieur qui lui ressemble pour\u2026\" target=\"_blank\" title=\"Share on Pinterest\"><img decoding=\"async\" src=\"https:\/\/www.europesays.com\/fr\/wp-content\/uploads\/2025\/05\/share_pinterest.png\" alt=\"Share on Pinterest\"\/><\/a><br \/>\n<\/a><\/p>\n<p><a href=\"https:\/\/www.europesays.com\/fr\/wp-content\/uploads\/2025\/10\/AT2.jpg\"><img decoding=\"async\" loading=\"lazy\" class=\"alignnone wp-image-471968 size-full\" src=\"https:\/\/www.europesays.com\/fr\/wp-content\/uploads\/2025\/10\/AT2.jpg\" alt=\"salle \u00e0 manger d\u00e9coration design mur briques anciennes appartement contemporain\" width=\"1200\" height=\"1600\"  \/><a class=\"pin-btn\" data-pin-custom=\"true\" href=\"https:\/\/pinterest.com\/pin\/create\/button\/?url=https:\/\/planete-deco.fr\/2025\/10\/08\/un-appartement-dinspiration-new-yorkaise-pour-un-passionne\/&amp;media=https:\/\/www.europesays.com\/fr\/wp-content\/uploads\/2025\/10\/AT2.jpg&amp;description=Dans cet appartement perch\u00e9 au c\u0153ur de Valladolid, tout respire la vitesse et le style. Le propri\u00e9taire, amateur de moteurs et de cin\u00e9ma, voulait un int\u00e9rieur qui lui ressemble pour\u2026\" target=\"_blank\" title=\"Share on Pinterest\"><img decoding=\"async\" src=\"https:\/\/www.europesays.com\/fr\/wp-content\/uploads\/2025\/05\/share_pinterest.png\" alt=\"Share on Pinterest\"\/><\/a><br \/>\n<\/a><\/p>\n<p><a href=\"https:\/\/www.europesays.com\/fr\/wp-content\/uploads\/2025\/10\/AT12.jpg\"><img decoding=\"async\" loading=\"lazy\" class=\"alignnone wp-image-471969 size-full\" src=\"https:\/\/www.europesays.com\/fr\/wp-content\/uploads\/2025\/10\/AT12.jpg\" alt=\"cuisine design en L bois et gris appartement contemporain\" width=\"1199\" height=\"1600\"  \/><a class=\"pin-btn\" data-pin-custom=\"true\" href=\"https:\/\/pinterest.com\/pin\/create\/button\/?url=https:\/\/planete-deco.fr\/2025\/10\/08\/un-appartement-dinspiration-new-yorkaise-pour-un-passionne\/&amp;media=https:\/\/www.europesays.com\/fr\/wp-content\/uploads\/2025\/10\/AT12.jpg&amp;description=Dans cet appartement perch\u00e9 au c\u0153ur de Valladolid, tout respire la vitesse et le style. Le propri\u00e9taire, amateur de moteurs et de cin\u00e9ma, voulait un int\u00e9rieur qui lui ressemble pour\u2026\" target=\"_blank\" title=\"Share on Pinterest\"><img decoding=\"async\" src=\"https:\/\/www.europesays.com\/fr\/wp-content\/uploads\/2025\/05\/share_pinterest.png\" alt=\"Share on Pinterest\"\/><\/a><br \/>\n<\/a><\/p>\n<p><a href=\"https:\/\/planete-deco.fr\/wp-content\/uploads\/2025\/10\/AT14.jpg\" rel=\"nofollow noopener\" target=\"_blank\"><img decoding=\"async\" loading=\"lazy\" class=\"alignnone wp-image-471970 size-full\" src=\"https:\/\/www.europesays.com\/fr\/wp-content\/uploads\/2025\/10\/AT14-1536x1152.jpg\" alt=\"cuisine design bois et blanc appartement contemporain\" width=\"1536\" height=\"1152\"  \/><a class=\"pin-btn\" data-pin-custom=\"true\" href=\"https:\/\/pinterest.com\/pin\/create\/button\/?url=https:\/\/planete-deco.fr\/2025\/10\/08\/un-appartement-dinspiration-new-yorkaise-pour-un-passionne\/&amp;media=https:\/\/planete-deco.fr\/wp-content\/uploads\/2025\/10\/AT14.jpg&amp;description=Dans cet appartement perch\u00e9 au c\u0153ur de Valladolid, tout respire la vitesse et le style. Le propri\u00e9taire, amateur de moteurs et de cin\u00e9ma, voulait un int\u00e9rieur qui lui ressemble pour\u2026\" target=\"_blank\" title=\"Share on Pinterest\" rel=\"nofollow noopener\"><img decoding=\"async\" src=\"https:\/\/www.europesays.com\/fr\/wp-content\/uploads\/2025\/05\/share_pinterest.png\" alt=\"Share on Pinterest\"\/><\/a><br \/>\n<\/a><\/p>\n<p><a href=\"https:\/\/www.europesays.com\/fr\/wp-content\/uploads\/2025\/10\/AT6.jpg\"><img decoding=\"async\" loading=\"lazy\" class=\"alignnone wp-image-471967 size-full\" src=\"https:\/\/www.europesays.com\/fr\/wp-content\/uploads\/2025\/10\/AT6.jpg\" alt=\"entr\u00e9e avec meuble noyer et papier-peint appartement contemporain\" width=\"1200\" height=\"1600\"  \/><a class=\"pin-btn\" data-pin-custom=\"true\" href=\"https:\/\/pinterest.com\/pin\/create\/button\/?url=https:\/\/planete-deco.fr\/2025\/10\/08\/un-appartement-dinspiration-new-yorkaise-pour-un-passionne\/&amp;media=https:\/\/www.europesays.com\/fr\/wp-content\/uploads\/2025\/10\/AT6.jpg&amp;description=Dans cet appartement perch\u00e9 au c\u0153ur de Valladolid, tout respire la vitesse et le style. Le propri\u00e9taire, amateur de moteurs et de cin\u00e9ma, voulait un int\u00e9rieur qui lui ressemble pour\u2026\" target=\"_blank\" title=\"Share on Pinterest\"><img decoding=\"async\" src=\"https:\/\/www.europesays.com\/fr\/wp-content\/uploads\/2025\/05\/share_pinterest.png\" alt=\"Share on Pinterest\"\/><\/a><br \/>\n<\/a><\/p>\n<p><a href=\"https:\/\/www.europesays.com\/fr\/wp-content\/uploads\/2025\/10\/AT8.jpg\"><img decoding=\"async\" loading=\"lazy\" class=\"alignnone wp-image-471971 size-full\" src=\"https:\/\/www.europesays.com\/fr\/wp-content\/uploads\/2025\/10\/AT8.jpg\" alt=\"couloir avec papier-peint appartement contemporain\" width=\"1200\" height=\"1600\"  \/><a class=\"pin-btn\" data-pin-custom=\"true\" href=\"https:\/\/pinterest.com\/pin\/create\/button\/?url=https:\/\/planete-deco.fr\/2025\/10\/08\/un-appartement-dinspiration-new-yorkaise-pour-un-passionne\/&amp;media=https:\/\/www.europesays.com\/fr\/wp-content\/uploads\/2025\/10\/AT8.jpg&amp;description=Dans cet appartement perch\u00e9 au c\u0153ur de Valladolid, tout respire la vitesse et le style. Le propri\u00e9taire, amateur de moteurs et de cin\u00e9ma, voulait un int\u00e9rieur qui lui ressemble pour\u2026\" target=\"_blank\" title=\"Share on Pinterest\"><img decoding=\"async\" src=\"https:\/\/www.europesays.com\/fr\/wp-content\/uploads\/2025\/05\/share_pinterest.png\" alt=\"Share on Pinterest\"\/><\/a><br \/>\n<\/a><\/p>\n<p><a href=\"https:\/\/planete-deco.fr\/wp-content\/uploads\/2025\/10\/AT08.jpg\" rel=\"nofollow noopener\" target=\"_blank\"><img decoding=\"async\" loading=\"lazy\" class=\"alignnone wp-image-471972 size-full\" src=\"https:\/\/www.europesays.com\/fr\/wp-content\/uploads\/2025\/10\/AT08-1536x1152.jpg\" alt=\"chambre appartement contemporain\" width=\"1536\" height=\"1152\"  \/><a class=\"pin-btn\" data-pin-custom=\"true\" href=\"https:\/\/pinterest.com\/pin\/create\/button\/?url=https:\/\/planete-deco.fr\/2025\/10\/08\/un-appartement-dinspiration-new-yorkaise-pour-un-passionne\/&amp;media=https:\/\/planete-deco.fr\/wp-content\/uploads\/2025\/10\/AT08.jpg&amp;description=Dans cet appartement perch\u00e9 au c\u0153ur de Valladolid, tout respire la vitesse et le style. Le propri\u00e9taire, amateur de moteurs et de cin\u00e9ma, voulait un int\u00e9rieur qui lui ressemble pour\u2026\" target=\"_blank\" title=\"Share on Pinterest\" rel=\"nofollow noopener\"><img decoding=\"async\" src=\"https:\/\/www.europesays.com\/fr\/wp-content\/uploads\/2025\/05\/share_pinterest.png\" alt=\"Share on Pinterest\"\/><\/a><br \/>\n<\/a><\/p>\n<p><a href=\"https:\/\/www.europesays.com\/fr\/wp-content\/uploads\/2025\/10\/AT7.jpg\"><img decoding=\"async\" loading=\"lazy\" class=\"alignnone wp-image-471973 size-full\" src=\"https:\/\/www.europesays.com\/fr\/wp-content\/uploads\/2025\/10\/AT7.jpg\" alt=\"chambre appartement contemporain\" width=\"1066\" height=\"1600\"  \/><a class=\"pin-btn\" data-pin-custom=\"true\" href=\"https:\/\/pinterest.com\/pin\/create\/button\/?url=https:\/\/planete-deco.fr\/2025\/10\/08\/un-appartement-dinspiration-new-yorkaise-pour-un-passionne\/&amp;media=https:\/\/www.europesays.com\/fr\/wp-content\/uploads\/2025\/10\/AT7.jpg&amp;description=Dans cet appartement perch\u00e9 au c\u0153ur de Valladolid, tout respire la vitesse et le style. Le propri\u00e9taire, amateur de moteurs et de cin\u00e9ma, voulait un int\u00e9rieur qui lui ressemble pour\u2026\" target=\"_blank\" title=\"Share on Pinterest\"><img decoding=\"async\" src=\"https:\/\/www.europesays.com\/fr\/wp-content\/uploads\/2025\/05\/share_pinterest.png\" alt=\"Share on Pinterest\"\/><\/a><br \/>\n<\/a><\/p>\n<p><a href=\"https:\/\/planete-deco.fr\/wp-content\/uploads\/2025\/10\/AT9.jpg\" rel=\"nofollow noopener\" target=\"_blank\"><img decoding=\"async\" loading=\"lazy\" class=\"alignnone wp-image-471974 size-full\" src=\"https:\/\/www.europesays.com\/fr\/wp-content\/uploads\/2025\/10\/AT9-1536x1152.jpg\" alt=\"bureau avec placard\" width=\"1536\" height=\"1152\"  \/><a class=\"pin-btn\" data-pin-custom=\"true\" href=\"https:\/\/pinterest.com\/pin\/create\/button\/?url=https:\/\/planete-deco.fr\/2025\/10\/08\/un-appartement-dinspiration-new-yorkaise-pour-un-passionne\/&amp;media=https:\/\/planete-deco.fr\/wp-content\/uploads\/2025\/10\/AT9.jpg&amp;description=Dans cet appartement perch\u00e9 au c\u0153ur de Valladolid, tout respire la vitesse et le style. Le propri\u00e9taire, amateur de moteurs et de cin\u00e9ma, voulait un int\u00e9rieur qui lui ressemble pour\u2026\" target=\"_blank\" title=\"Share on Pinterest\" rel=\"nofollow noopener\"><img decoding=\"async\" src=\"https:\/\/www.europesays.com\/fr\/wp-content\/uploads\/2025\/05\/share_pinterest.png\" alt=\"Share on Pinterest\"\/><\/a><br \/>\n<\/a><\/p>\n<p><a href=\"https:\/\/planete-deco.fr\/wp-content\/uploads\/2025\/10\/AT10.jpg\" rel=\"nofollow noopener\" target=\"_blank\"><img decoding=\"async\" loading=\"lazy\" class=\"alignnone wp-image-471975 size-full\" src=\"https:\/\/www.europesays.com\/fr\/wp-content\/uploads\/2025\/10\/AT10-1536x1152.jpg\" alt=\"bureau avec placard et lit escamotable\" width=\"1536\" height=\"1152\"  \/><a class=\"pin-btn\" data-pin-custom=\"true\" href=\"https:\/\/pinterest.com\/pin\/create\/button\/?url=https:\/\/planete-deco.fr\/2025\/10\/08\/un-appartement-dinspiration-new-yorkaise-pour-un-passionne\/&amp;media=https:\/\/planete-deco.fr\/wp-content\/uploads\/2025\/10\/AT10.jpg&amp;description=Dans cet appartement perch\u00e9 au c\u0153ur de Valladolid, tout respire la vitesse et le style. Le propri\u00e9taire, amateur de moteurs et de cin\u00e9ma, voulait un int\u00e9rieur qui lui ressemble pour\u2026\" target=\"_blank\" title=\"Share on Pinterest\" rel=\"nofollow noopener\"><img decoding=\"async\" src=\"https:\/\/www.europesays.com\/fr\/wp-content\/uploads\/2025\/05\/share_pinterest.png\" alt=\"Share on Pinterest\"\/><\/a><br \/>\n<\/a><\/p>\n<p>Shop the look !<br \/><a class=\"shopify\" href=\"https:\/\/shop.planete-deco.fr\/products\/canape-dangle-en-velours-bleu-marine-glosli\" rel=\"nofollow noopener\" target=\"_blank\"><img decoding=\"async\" loading=\"lazy\" class=\"shopify alignnone\" src=\"https:\/\/www.europesays.com\/fr\/wp-content\/uploads\/2025\/10\/71E1v55JHfL_900x.jpg\" alt=\"Canap\u00e9 d'angle en Velours Bleu Marine GLOSLI\" width=\"900\" height=\"900\" \/><\/a><a class=\"shopify\" href=\"https:\/\/shop.planete-deco.fr\/products\/clp-chaise-empilable-calisto-en-bois-assise-ergonomique-chaise-de-salle-dattente-en-bois-chaise-hauteur-assise-45-cm-couleurs-au-choix-couleur-nature\" rel=\"nofollow noopener\" target=\"_blank\"><img decoding=\"async\" loading=\"lazy\" class=\"shopify alignnone\" src=\"https:\/\/www.europesays.com\/fr\/wp-content\/uploads\/2025\/10\/51VaU-ednaL_900x.jpg\" alt=\"CLP Chaise Empilable Calisto en Bois - Assise Ergonomique - Chaise de Salle d'Attente en Bois Chaise, Hauteur Assise 45 cm -Couleurs au Choix:, Couleur:Nature\" width=\"900\" height=\"1480\" \/><\/a><a class=\"shopify\" href=\"https:\/\/shop.planete-deco.fr\/products\/ragaba-jubi-table-a-manger-ronde-80cm-chene-beige-brun\" rel=\"nofollow noopener\" target=\"_blank\"><img decoding=\"async\" loading=\"lazy\" class=\"shopify alignnone\" src=\"https:\/\/www.europesays.com\/fr\/wp-content\/uploads\/2025\/10\/61t3q-vFoFL_900x.jpg\" alt=\"Ragaba Jubi Table \u00e0 Manger Ronde 80cm Ch\u00eane Beige Brun\" width=\"900\" height=\"823\" \/><\/a><a class=\"shopify\" href=\"https:\/\/shop.planete-deco.fr\/products\/clp-banquette-cleopatra-en-tissu-i-banc-rembourre-avec-accoudoirs-style-chesterfiled-i-pietement-en-bois-i-banquette-capitonnee-133-x-64-x-43cm-couleur-rouge-couleur-du-cadre-antique-fonce\" rel=\"nofollow noopener\" target=\"_blank\"><img decoding=\"async\" loading=\"lazy\" class=\"shopify alignnone\" src=\"https:\/\/www.europesays.com\/fr\/wp-content\/uploads\/2025\/10\/61zh7E39IzL_900x.jpg\" alt=\"CLP Banquette Cleopatra en Tissu I Banc Rembourr\u00e9 avec Accoudoirs Style Chesterfiled I Pi\u00e9tement en Bois I Banquette Capitonn\u00e9e 133 x 64 x 43cm, Couleur:Rouge, Couleur du Cadre:Antique fonc\u00e9\" width=\"900\" height=\"569\" \/><\/a><br \/>Livres<br \/><a class=\"shopify\" href=\"https:\/\/shop.planete-deco.fr\/collections\/livres\/products\/cocoon-creating-homes-with-heart\" rel=\"nofollow noopener\" target=\"_blank\"><img decoding=\"async\" loading=\"lazy\" class=\"shopify alignnone\" src=\"https:\/\/www.europesays.com\/fr\/wp-content\/uploads\/2025\/10\/81vY4AopOpL_900x.jpg\" alt=\"Cocoon: Creating Homes with Heart\" width=\"900\" height=\"1159\" \/><\/a><a class=\"shopify\" href=\"https:\/\/shop.planete-deco.fr\/collections\/livres\/products\/maisons-zen-et-chaleureuses-2\" rel=\"nofollow noopener\" target=\"_blank\"><img decoding=\"async\" loading=\"lazy\" class=\"shopify alignnone\" src=\"https:\/\/www.europesays.com\/fr\/wp-content\/uploads\/2025\/10\/91NexvZ7-gL_900x.jpg\" alt=\"Maisons zen et chaleureuses\" width=\"900\" height=\"1102\" \/><\/a><a class=\"shopify\" href=\"https:\/\/shop.planete-deco.fr\/collections\/livres\/products\/ambiances-et-jeux-de-couleurs\" rel=\"nofollow noopener\" target=\"_blank\"><img decoding=\"async\" loading=\"lazy\" class=\"shopify alignnone\" src=\"https:\/\/www.europesays.com\/fr\/wp-content\/uploads\/2025\/10\/51cJ5bIQ1fS_900x.jpg\" alt=\"Ambiances et jeux de couleurs\" width=\"411\" height=\"500\" \/><\/a><a class=\"shopify\" href=\"https:\/\/shop.planete-deco.fr\/collections\/livres\/products\/un-interieur-a-soi\" rel=\"nofollow noopener\" target=\"_blank\"><img decoding=\"async\" loading=\"lazy\" class=\"shopify alignnone\" src=\"https:\/\/www.europesays.com\/fr\/wp-content\/uploads\/2025\/05\/51eYb37ZupL_900x.jpg\" alt=\"Un int\u00e9rieur \u00e0 soi\" width=\"389\" height=\"500\" \/><\/a><script async src=\"\/\/www.instagram.com\/embed.js\"><\/script><\/p>\n","protected":false},"excerpt":{"rendered":"Dans cet appartement perch\u00e9 au c\u0153ur de Valladolid, tout respire la vitesse et le style. Le propri\u00e9taire, amateur&hellip;\n","protected":false},"author":2,"featured_media":448794,"comment_status":"","ping_status":"","sticky":false,"template":"","format":"standard","meta":{"footnotes":""},"categories":[1358],"tags":[1348,1384,1385,1386,58,59,1011,27],"class_list":{"0":"post-448793","1":"post","2":"type-post","3":"status-publish","4":"format-standard","5":"has-post-thumbnail","7":"category-arts-et-design","8":"tag-arts","9":"tag-arts-and-design","10":"tag-arts-et-design","11":"tag-design","12":"tag-divertissement","13":"tag-entertainment","14":"tag-fr","15":"tag-france"},"share_on_mastodon":{"url":"https:\/\/pubeurope.com\/@fr\/115341481073801819","error":""},"_links":{"self":[{"href":"https:\/\/www.europesays.com\/fr\/wp-json\/wp\/v2\/posts\/448793","targetHints":{"allow":["GET"]}}],"collection":[{"href":"https:\/\/www.europesays.com\/fr\/wp-json\/wp\/v2\/posts"}],"about":[{"href":"https:\/\/www.europesays.com\/fr\/wp-json\/wp\/v2\/types\/post"}],"author":[{"embeddable":true,"href":"https:\/\/www.europesays.com\/fr\/wp-json\/wp\/v2\/users\/2"}],"replies":[{"embeddable":true,"href":"https:\/\/www.europesays.com\/fr\/wp-json\/wp\/v2\/comments?post=448793"}],"version-history":[{"count":0,"href":"https:\/\/www.europesays.com\/fr\/wp-json\/wp\/v2\/posts\/448793\/revisions"}],"wp:featuredmedia":[{"embeddable":true,"href":"https:\/\/www.europesays.com\/fr\/wp-json\/wp\/v2\/media\/448794"}],"wp:attachment":[{"href":"https:\/\/www.europesays.com\/fr\/wp-json\/wp\/v2\/media?parent=448793"}],"wp:term":[{"taxonomy":"category","embeddable":true,"href":"https:\/\/www.europesays.com\/fr\/wp-json\/wp\/v2\/categories?post=448793"},{"taxonomy":"post_tag","embeddable":true,"href":"https:\/\/www.europesays.com\/fr\/wp-json\/wp\/v2\/tags?post=448793"}],"curies":[{"name":"wp","href":"https:\/\/api.w.org\/{rel}","templated":true}]}}