{"id":448797,"date":"2025-10-09T00:54:12","date_gmt":"2025-10-09T00:54:12","guid":{"rendered":"https:\/\/www.europesays.com\/fr\/448797\/"},"modified":"2025-10-09T00:54:12","modified_gmt":"2025-10-09T00:54:12","slug":"crise-politique-macron-se-laisse-encore-48h-en-replay-c-ce-soir","status":"publish","type":"post","link":"https:\/\/www.europesays.com\/fr\/448797\/","title":{"rendered":"Crise politique : Macron se laisse encore 48h en replay &#8211; C ce soir"},"content":{"rendered":"<p class=\"kPgwkc gYsEFt\"><b style=\"font-weight:normal\" id=\"docs-internal-guid-e2fad41f-7fff-710d-10ce-314f4876dfb1\">Trois jours de tractations, de rebondissements et de coups de poker ; trois jours de rumeurs, de menaces, de divisions \u00e9tal\u00e9es au grand jour ; trois jours \u00e0 regarder une classe politique s\u2019agiter dans tous les sens, et \u00e0 l\u2019arriv\u00e9e, une dissolution \u00e9cart\u00e9e pour le moment mais aussi l\u2019impression que le film est loin d\u2019\u00eatre termin\u00e9\u2026 Nous allons en d\u00e9battre ce soir avec nos invit\u00e9s<\/b><\/p>\n<p class=\"kPgwkc gYsEFt\">\u25b6\ufe0e Thierry PECH Directeur g\u00e9n\u00e9ral de Terra Nova<\/p>\n<p class=\"kPgwkc gYsEFt\">\u25b6\ufe0e Anne-Charl\u00e8ne BEZZINA Constitutionnaliste, ma\u00eetresse de conf\u00e9rence \u00e0 l&rsquo;universit\u00e9 de Rouen, membre associ\u00e9 de l&rsquo;Institut des sciences juridique et philosophique de la Sorbonne, co-autrice de \u00ab V\u00e8me R\u00e9publique Anatomie d&rsquo;un r\u00e9gime en crise(s) \u00bb avec Thomas Sn\u00e9garoff aux \u00e9ditions Les Ar\u00e8nes (07.05.25)<\/p>\n<p class=\"kPgwkc gYsEFt\">\u25b6\ufe0e Natacha POLONY Journaliste, essayiste, directrice de la revue l\u2019Audace!<\/p>\n<p class=\"kPgwkc gYsEFt\">\u25b6\ufe0e Jad ZAHAB Essayiste, secr\u00e9taire national de Renaissance<\/p>\n<p class=\"kPgwkc gYsEFt\">\u25b6\ufe0e Sylvain BOURMEAU Journaliste, professeur associ\u00e9 \u00e0 Paris I, directeur du journal AOC, producteur de l&rsquo;\u00e9mission \u00ab La Suite dans les id\u00e9es \u00bb sur France Culture<\/p>\n<p class=\"kPgwkc gYsEFt\">\u25b6\ufe0e\u00a0 Baptiste ROGER-LACAN Historien, charg\u00e9 de recherches \u00e0 la Fondation Napol\u00e9on, enseignant \u00e0 l\u2019Institut catholique de Paris et \u00e0 Sciences Po, directeur de l&rsquo;ouvrage \u00ab\u00a0Nouvelle histoire de l&rsquo;extr\u00eame droite. France 1780-2025\u00a0\u00bb aux \u00e9ditions du Seuil (10.10.25)<\/p>\n<p><br class=\"Apple-interchange-newline\"\/><\/p>\n","protected":false},"excerpt":{"rendered":"Trois jours de tractations, de rebondissements et de coups de poker ; trois jours de rumeurs, de menaces,&hellip;\n","protected":false},"author":2,"featured_media":448798,"comment_status":"","ping_status":"","sticky":false,"template":"","format":"standard","meta":{"footnotes":""},"categories":[1356],"tags":[58,59,1011,27,252,1364],"class_list":{"0":"post-448797","1":"post","2":"type-post","3":"status-publish","4":"format-standard","5":"has-post-thumbnail","7":"category-television","8":"tag-divertissement","9":"tag-entertainment","10":"tag-fr","11":"tag-france","12":"tag-television","13":"tag-tv"},"share_on_mastodon":{"url":"https:\/\/pubeurope.com\/@fr\/115341483254505509","error":""},"_links":{"self":[{"href":"https:\/\/www.europesays.com\/fr\/wp-json\/wp\/v2\/posts\/448797","targetHints":{"allow":["GET"]}}],"collection":[{"href":"https:\/\/www.europesays.com\/fr\/wp-json\/wp\/v2\/posts"}],"about":[{"href":"https:\/\/www.europesays.com\/fr\/wp-json\/wp\/v2\/types\/post"}],"author":[{"embeddable":true,"href":"https:\/\/www.europesays.com\/fr\/wp-json\/wp\/v2\/users\/2"}],"replies":[{"embeddable":true,"href":"https:\/\/www.europesays.com\/fr\/wp-json\/wp\/v2\/comments?post=448797"}],"version-history":[{"count":0,"href":"https:\/\/www.europesays.com\/fr\/wp-json\/wp\/v2\/posts\/448797\/revisions"}],"wp:featuredmedia":[{"embeddable":true,"href":"https:\/\/www.europesays.com\/fr\/wp-json\/wp\/v2\/media\/448798"}],"wp:attachment":[{"href":"https:\/\/www.europesays.com\/fr\/wp-json\/wp\/v2\/media?parent=448797"}],"wp:term":[{"taxonomy":"category","embeddable":true,"href":"https:\/\/www.europesays.com\/fr\/wp-json\/wp\/v2\/categories?post=448797"},{"taxonomy":"post_tag","embeddable":true,"href":"https:\/\/www.europesays.com\/fr\/wp-json\/wp\/v2\/tags?post=448797"}],"curies":[{"name":"wp","href":"https:\/\/api.w.org\/{rel}","templated":true}]}}