{"id":448803,"date":"2025-10-09T00:57:11","date_gmt":"2025-10-09T00:57:11","guid":{"rendered":"https:\/\/www.europesays.com\/fr\/448803\/"},"modified":"2025-10-09T00:57:11","modified_gmt":"2025-10-09T00:57:11","slug":"ce-departement-du-grand-est-est-actuellement-le-plus-touche-de-france-voici-les-derniers-chiffres","status":"publish","type":"post","link":"https:\/\/www.europesays.com\/fr\/448803\/","title":{"rendered":"ce d\u00e9partement du Grand Est est actuellement le plus touch\u00e9 de France, voici les derniers\u00a0chiffres"},"content":{"rendered":"<p>            Par<br \/>\n        <strong><br \/>\n            <a href=\"https:\/\/actu.fr\/auteur\/pierre-emile-bouchy-actu-fr\" title=\"Consulter tous les articles de Paul-Emile Bouchy\" target=\"_blank\" rel=\"noopener\">Paul-Emile Bouchy<\/a><br \/>\n        <\/strong><\/p>\n<p>        Publi\u00e9 le<\/p>\n<p>            8 oct. 2025 \u00e0 19h14        <\/p>\n<p>Depuis la fin du mois d\u2019ao\u00fbt, <a href=\"https:\/\/actu.fr\/societe\/covid-19-une-reprise-de-l-epidemie-se-confirme-en-france-juste-avant-la-rentree-scolaire_63090689.html\" target=\"_blank\" rel=\"noopener\">une reprise de l\u2019\u00e9pid\u00e9mie de Covid-19<\/a> se confirme en France. Le <a href=\"https:\/\/actu.fr\/societe\/coronavirus\/covid-19-le-variant-xfg-frankenstein-progresse-en-france-faut-il-s-en-inquieter_63224030.html\" target=\"_blank\" rel=\"noopener\">variant XFG \u00ab\u00a0Frankenstein\u00a0\u00bb<\/a> progresse sur tout le territoire. Certains h\u00f4pitaux comme <a href=\"https:\/\/actu.fr\/normandie\/cherbourg-en-cotentin_50129\/le-port-du-masque-devient-obligatoire-a-lhopital-de-cherbourg-face-a-la-grippe-et-au-covid_63234099.html\" target=\"_blank\" rel=\"noopener\">celui de Cherbourg<\/a> ont d\u2019ailleurs r\u00e9instaur\u00e9 <strong>le port du masque obligatoire<\/strong>.<\/p>\n<p class=\" wall-content\">L\u2019augmentation du nombre de cas d\u00e9tect\u00e9s permet \u00e0 des sp\u00e9cialistes d\u2019affirmer qu\u2019il s\u2019agit \u00ab\u00a0d\u2019<a href=\"https:\/\/actu.fr\/societe\/coronavirus\/c-est-une-nouvelle-vague-le-rebond-du-covid-19-confirme-en-france-le-variant-xfg-en-cause_63211142.html\" target=\"_blank\" rel=\"noopener\">une nouvelle vague<\/a>\u00ab\u00a0. <a href=\"https:\/\/actu.fr\/societe\/coronavirus\/carte-nouvelle-vague-de-covid-19-voici-les-departements-les-plus-touches-par-l-epidemie_63265142.html\" target=\"_blank\" rel=\"noopener\">Des d\u00e9partements sont plus touch\u00e9s<\/a> que d\u2019autres et <strong>celui qui affiche la plus forte hausse se trouve dans le Grand Est<\/strong>.<\/p>\n<p>La Meuse fortement impact\u00e9e par cette nouvelle vague de Covid-19<\/p>\n<p class=\" wall-content\">D\u2019apr\u00e8s les chiffres de Sant\u00e9 publique France datant du 29 septembre 2025, <strong>la Meuse semble \u00eatre le d\u00e9partement le plus impact\u00e9<\/strong> par cette reprise \u00e9pid\u00e9mique avec <strong>un taux de passages aux urgences pour le Covid-19 de 1968,02 pour 100 000 passages<\/strong>.<\/p>\n<p class=\" wall-content\">Si ces chiffres sont \u00e0 relativiser puisque les niveaux initiaux \u00e9taient faibles, il y a une r\u00e9elle augmentation.<\/p>\n<p class=\" wall-content\">Le second d\u00e9partement le plus touch\u00e9 de France est d\u2019ailleurs son voisin, <strong>la Haute-Marne, avec un taux de 1599,02 pour 100 000<\/strong>.<\/p>\n<p>    <a href=\"https:\/\/datawrapper.dwcdn.net\/biusy\/1\/\" title=\"Ouvrie le lien\" target=\"_blank\" rel=\"noopener\">Cliquez ici pour visualiser le contenu<\/a><\/p>\n<p>La campagne de vaccination d\u00e9bute bient\u00f4t<\/p>\n<p class=\" wall-content\">Cette ann\u00e9e, <strong>la campagne de vaccination contre le Covid-19 aura lieu du 14 octobre 2025 au 31 janvier 2026<\/strong>.<\/p>\n<p>Votre r\u00e9gion, votre actu !<\/p>\n<p>Recevez chaque jour les infos qui comptent pour vous.<\/p>\n<p>\t<a href=\"https:\/\/actu.fr\/newsletter\" class=\"ac-btn ac-btn--corner ac-btn--medium ac-btn--blue800\" target=\"_blank\" rel=\"noopener\">S&rsquo;incrire<\/a><\/p>\n<p class=\" wall-content\">Cette vaccination est recommand\u00e9e pour <strong>les personnes les plus \u00e0 risque<\/strong> comme : les personnes de plus de 65 ans, les personnes atteintes de comorbidit\u00e9s, les personnes immunod\u00e9prim\u00e9es, les r\u00e9sidents d\u2019EHPAD mais aussi les femmes enceintes.<\/p>\n<p class=\" wall-content\">Personnalisez votre actualit\u00e9 en ajoutant vos villes et m\u00e9dias en favori avec <a href=\"https:\/\/moncompte.actu.fr\" title=\"D\u00e9couvez Mon Actu\" rel=\"nofollow noopener\" data-trk=\"{&quot;cta&quot;:{&quot;action&quot;:&quot;https:\\\/\\\/moncompte.actu.fr&quot;,&quot;category&quot;:&quot;mon compte&quot;,&quot;from&quot;:&quot;article footer&quot;,&quot;name&quot;:&quot;Mon actu&quot;,&quot;type&quot;:&quot;cta&quot;}}\" target=\"_blank\">Mon Actu<\/a>.<\/p>\n","protected":false},"excerpt":{"rendered":"Par Paul-Emile Bouchy Publi\u00e9 le 8 oct. 2025 \u00e0 19h14 Depuis la fin du mois d\u2019ao\u00fbt, une reprise&hellip;\n","protected":false},"author":2,"featured_media":448804,"comment_status":"","ping_status":"","sticky":false,"template":"","format":"standard","meta":{"footnotes":""},"categories":[10],"tags":[4379,4400,1011,27,72,71,104],"class_list":{"0":"post-448803","1":"post","2":"type-post","3":"status-publish","4":"format-standard","5":"has-post-thumbnail","7":"category-sante","8":"tag-coronavirus-covid","9":"tag-covid","10":"tag-fr","11":"tag-france","12":"tag-health","13":"tag-sante","14":"tag-societe"},"share_on_mastodon":{"url":"https:\/\/pubeurope.com\/@fr\/115341495075827343","error":""},"_links":{"self":[{"href":"https:\/\/www.europesays.com\/fr\/wp-json\/wp\/v2\/posts\/448803","targetHints":{"allow":["GET"]}}],"collection":[{"href":"https:\/\/www.europesays.com\/fr\/wp-json\/wp\/v2\/posts"}],"about":[{"href":"https:\/\/www.europesays.com\/fr\/wp-json\/wp\/v2\/types\/post"}],"author":[{"embeddable":true,"href":"https:\/\/www.europesays.com\/fr\/wp-json\/wp\/v2\/users\/2"}],"replies":[{"embeddable":true,"href":"https:\/\/www.europesays.com\/fr\/wp-json\/wp\/v2\/comments?post=448803"}],"version-history":[{"count":0,"href":"https:\/\/www.europesays.com\/fr\/wp-json\/wp\/v2\/posts\/448803\/revisions"}],"wp:featuredmedia":[{"embeddable":true,"href":"https:\/\/www.europesays.com\/fr\/wp-json\/wp\/v2\/media\/448804"}],"wp:attachment":[{"href":"https:\/\/www.europesays.com\/fr\/wp-json\/wp\/v2\/media?parent=448803"}],"wp:term":[{"taxonomy":"category","embeddable":true,"href":"https:\/\/www.europesays.com\/fr\/wp-json\/wp\/v2\/categories?post=448803"},{"taxonomy":"post_tag","embeddable":true,"href":"https:\/\/www.europesays.com\/fr\/wp-json\/wp\/v2\/tags?post=448803"}],"curies":[{"name":"wp","href":"https:\/\/api.w.org\/{rel}","templated":true}]}}