{"id":448819,"date":"2025-10-09T01:05:14","date_gmt":"2025-10-09T01:05:14","guid":{"rendered":"https:\/\/www.europesays.com\/fr\/448819\/"},"modified":"2025-10-09T01:05:14","modified_gmt":"2025-10-09T01:05:14","slug":"bientot-trois-nouvelles-boutiques-a-steel","status":"publish","type":"post","link":"https:\/\/www.europesays.com\/fr\/448819\/","title":{"rendered":"bient\u00f4t trois nouvelles boutiques \u00e0 Steel"},"content":{"rendered":"<p>Alors qu\u2019il a f\u00eat\u00e9 ses 5 ans le 16\u00a0septembre dernier (31\u00a0millions de visiteurs accueillis depuis l\u2019ouverture), le centre commercial Steel, au Pont-de-l\u2019\u00c2ne, qui affiche quasiment complet, s\u2019appr\u00eate \u00e0 accueillir trois nouvelles boutiques.<\/p>\n<p>L\u2019enseigne de parfums et produits de beaut\u00e9 Adopt, tr\u00e8s pris\u00e9e des jeunes, s\u2019installera d\u2019ici la fin de l\u2019ann\u00e9e dans une partie de l\u2019ancien magasin Outsider. Ce sera sa quatri\u00e8me implantation st\u00e9phanoise, puisqu\u2019elle est d\u00e9j\u00e0 pr\u00e9sente dans la galerie d\u2019Auchan Monthieu, \u00e0 Centre Deux et \u00e0 Auchan Villars.<\/p>\n<p>  Rituals d\u00e9j\u00e0 pr\u00e9sent en centre-ville depuis mai\u00a02022<\/p>\n<p>Toujours au rayon des parfums et des produits de beaut\u00e9, comme nous l\u2019annoncions mi-septembre, Steel va \u00e9galement accueillir Rituals d\u2019ici fin 2025. L\u2019enseigne va s\u2019installer sur quelque 200 m2  en face de Starbucks, dans <a href=\"https:\/\/www.leprogres.fr\/economie\/2023\/03\/17\/l-univers-colore-de-superdry-est-de-retour-sur-200-m-2-a-steel\" target=\"_blank\" rel=\"nofollow noopener\">l\u2019ancienne boutique Superdry<\/a>, qui va pour sa part d\u00e9m\u00e9nager sur la place des Pins, dans l\u2019ancien pressing (devenu bri\u00e8vement la boutique Noir de monde).<\/p>\n<p>Ce sera la deuxi\u00e8me boutique Rituals \u00e0 Saint-\u00c9tienne, apr\u00e8s <a href=\"https:\/\/www.leprogres.fr\/economie\/2022\/05\/13\/rituals-la-boutique-beaute-tendance-debarque-a-saint-etienne\" target=\"_blank\" rel=\"nofollow noopener\">celle ouverte en centre-ville, rue G\u00e9n\u00e9ral-Foy, en mai\u00a02022<\/a>. Josselin Durand, directeur de Steel, nous avait d\u2019ailleurs assur\u00e9 qu\u2019il ne s\u2019agissait pas d\u2019un d\u00e9m\u00e9nagement de la boutique du centre-ville, mais bien d\u2019une strat\u00e9gie de d\u00e9veloppement de l\u2019enseigne.<\/p>\n<p>  150 places de stationnement suppl\u00e9mentaires<\/p>\n<p>Autre nouveaut\u00e9 \u00e0 venir\u00a0: la bijouterie Histoire d\u2019or, qui va investir l\u2019autre partie d\u2019anciennement Outsider, sur 100 m\u00b2. L\u00e0 aussi, l\u2019enseigne est bien connue des St\u00e9phanois puisqu\u2019elle est d\u00e9j\u00e0 pr\u00e9sente en centre-ville (rue G\u00e9n\u00e9ral-Foy), \u00e0 Centre Deux, \u00e0 la Galerie Monthieu et \u00e0 Auchan Villars.<\/p>\n<p>\u00c0 signaler enfin que des travaux ont d\u00e9but\u00e9 sur le parking du haut du centre commercial pour cr\u00e9er 150 places de stationnement suppl\u00e9mentaires, en lieu et place de l\u2019ancien skatepark. Une extension bienvenue alors que les parkings affichent souvent complets, notamment le samedi.<\/p>\n<p>Un cheminement pi\u00e9ton v\u00e9g\u00e9talis\u00e9 va en outre \u00eatre am\u00e9nag\u00e9 pour relier les all\u00e9es commer\u00e7antes nord (c\u00f4t\u00e9 Zara) et sud (c\u00f4t\u00e9 Decathlon).<\/p>\n","protected":false},"excerpt":{"rendered":"Alors qu\u2019il a f\u00eat\u00e9 ses 5 ans le 16\u00a0septembre dernier (31\u00a0millions de visiteurs accueillis depuis l\u2019ouverture), le centre&hellip;\n","protected":false},"author":2,"featured_media":448820,"comment_status":"","ping_status":"","sticky":false,"template":"","format":"standard","meta":{"footnotes":""},"categories":[9653],"tags":[1111,11,2430,4406,33,7539,1777,674,107,1011,27,12,25,4001,7538],"class_list":{"0":"post-448819","1":"post","2":"type-post","3":"status-publish","4":"format-standard","5":"has-post-thumbnail","7":"category-saint-etienne","8":"tag-actu","9":"tag-actualites","10":"tag-auvergne-rhone-alpes","11":"tag-commerce-et-services","12":"tag-economie","13":"tag-edition-loire-sud","14":"tag-eu","15":"tag-europe","16":"tag-fil-info","17":"tag-fr","18":"tag-france","19":"tag-news","20":"tag-republique-francaise","21":"tag-saint-etienne","22":"tag-saint-etienne-ville"},"share_on_mastodon":{"url":"https:\/\/pubeurope.com\/@fr\/115341526580897600","error":""},"_links":{"self":[{"href":"https:\/\/www.europesays.com\/fr\/wp-json\/wp\/v2\/posts\/448819","targetHints":{"allow":["GET"]}}],"collection":[{"href":"https:\/\/www.europesays.com\/fr\/wp-json\/wp\/v2\/posts"}],"about":[{"href":"https:\/\/www.europesays.com\/fr\/wp-json\/wp\/v2\/types\/post"}],"author":[{"embeddable":true,"href":"https:\/\/www.europesays.com\/fr\/wp-json\/wp\/v2\/users\/2"}],"replies":[{"embeddable":true,"href":"https:\/\/www.europesays.com\/fr\/wp-json\/wp\/v2\/comments?post=448819"}],"version-history":[{"count":0,"href":"https:\/\/www.europesays.com\/fr\/wp-json\/wp\/v2\/posts\/448819\/revisions"}],"wp:featuredmedia":[{"embeddable":true,"href":"https:\/\/www.europesays.com\/fr\/wp-json\/wp\/v2\/media\/448820"}],"wp:attachment":[{"href":"https:\/\/www.europesays.com\/fr\/wp-json\/wp\/v2\/media?parent=448819"}],"wp:term":[{"taxonomy":"category","embeddable":true,"href":"https:\/\/www.europesays.com\/fr\/wp-json\/wp\/v2\/categories?post=448819"},{"taxonomy":"post_tag","embeddable":true,"href":"https:\/\/www.europesays.com\/fr\/wp-json\/wp\/v2\/tags?post=448819"}],"curies":[{"name":"wp","href":"https:\/\/api.w.org\/{rel}","templated":true}]}}