{"id":448827,"date":"2025-10-09T01:09:24","date_gmt":"2025-10-09T01:09:24","guid":{"rendered":"https:\/\/www.europesays.com\/fr\/448827\/"},"modified":"2025-10-09T01:09:24","modified_gmt":"2025-10-09T01:09:24","slug":"un-skipper-secouru-au-large-des-cotes-varoises-apres-une-nuit-de-recherches","status":"publish","type":"post","link":"https:\/\/www.europesays.com\/fr\/448827\/","title":{"rendered":"Un skipper secouru au large des c\u00f4tes varoises apr\u00e8s une nuit de recherches"},"content":{"rendered":"<p>Un important dispositif de secours a \u00e9t\u00e9 d\u00e9ploy\u00e9\u00a0au large des c\u00f4tes varoises\u00a0dans la nuit du samedi\u00a04 au dimanche 5\u00a0octobre 2025 pour venir en aide \u00e0 un skipper. <a href=\"https:\/\/www.nicematin.com\/faits-divers\/un-skipper-retrouve-au-large-des-cotes-varoises-apres-une-nuit-de-recherches-10651013\" target=\"_blank\" rel=\"noopener\">Comme le relate Nice Matin <\/a>, ce sont ses proches qui ont donn\u00e9 l\u2019alerte. L\u2019homme avait pr\u00e9vu\u00a0de rallier Marseille depuis Cannes en voilier, malgr\u00e9 des conditions de mer <strong>\u00ab\u00a0particuli\u00e8rement difficiles\u00a0\u00bb<\/strong>.<\/p>\n<p>Mais alors qu\u2019il \u00e9tait seul \u00e0 bord, il n\u2019arrivait plus \u00e0 man\u0153uvrer. Alert\u00e9, le Centre r\u00e9gional op\u00e9rationnel de surveillance et de sauvetage de M\u00e9diterran\u00e9e (Cross\u00a0Med) a aussit\u00f4t coordonn\u00e9 les op\u00e9rations de recherche, <a href=\"https:\/\/france3-regions.franceinfo.fr\/provence-alpes-cote-d-azur\/var\/toulon\/un-skipper-seul-a-bord-de-son-voilier-sain-et-sauf-suite-a-un-vaste-dispositif-de-secours-dans-le-var-3228233.html\" target=\"_blank\" rel=\"noopener\">indique\u00a0France 3\u00a0Provence-Alpes-C\u00f4te d&rsquo;Azur <\/a>. Un h\u00e9licopt\u00e8re de la Marine nationale a \u00e9t\u00e9 d\u00e9ploy\u00e9, ainsi que la fr\u00e9gate multi-mission Alsace, pr\u00e9sente dans le secteur.<\/p>\n<p>H\u00e9litreuill\u00e9\u00a0<\/p>\n<p>Dans la matin\u00e9e du dimanche 5\u00a0octobre, l\u2019h\u00e9licopt\u00e8re de la S\u00e9curit\u00e9 civile et\u00a0la Soci\u00e9t\u00e9 nationale de sauvetage en mer (SNSM) sont venus renforcer le dispositif. Finalement, apr\u00e8s une nuit de recherches, le voilier et le skipper ont \u00e9t\u00e9 retrouv\u00e9s en milieu de matin\u00e9e\u00a0\u00e0 plus de 40\u00a0km au sud du Cap Camarat.<\/p>\n<p>Sain et sauf, l\u2019homme a \u00e9t\u00e9\u00a0h\u00e9litreuill\u00e9 et imm\u00e9diatement pris en charge. Il a \u00e9t\u00e9 transf\u00e9r\u00e9\u00a0vers l\u2019H\u00f4pital d\u2019instruction des arm\u00e9es Sainte-Anne \u00e0 Toulon.<\/p>\n<p>\u00a0<\/p>\n","protected":false},"excerpt":{"rendered":"Un important dispositif de secours a \u00e9t\u00e9 d\u00e9ploy\u00e9\u00a0au large des c\u00f4tes varoises\u00a0dans la nuit du samedi\u00a04 au dimanche&hellip;\n","protected":false},"author":2,"featured_media":448828,"comment_status":"","ping_status":"","sticky":false,"template":"","format":"standard","meta":{"footnotes":""},"categories":[9619],"tags":[1111,11,19502,1777,674,1011,27,3790,12,293,882,10468,25,57459,12702,2310,57460],"class_list":{"0":"post-448827","1":"post","2":"type-post","3":"status-publish","4":"format-standard","5":"has-post-thumbnail","7":"category-toulon","8":"tag-actu","9":"tag-actualites","10":"tag-cotes","11":"tag-eu","12":"tag-europe","13":"tag-fr","14":"tag-france","15":"tag-large","16":"tag-news","17":"tag-nuit","18":"tag-provence-alpes-cote-dazur","19":"tag-recherches","20":"tag-republique-francaise","21":"tag-secouru","22":"tag-skipper","23":"tag-toulon","24":"tag-varoises"},"share_on_mastodon":{"url":"https:\/\/pubeurope.com\/@fr\/115341542464726836","error":""},"_links":{"self":[{"href":"https:\/\/www.europesays.com\/fr\/wp-json\/wp\/v2\/posts\/448827","targetHints":{"allow":["GET"]}}],"collection":[{"href":"https:\/\/www.europesays.com\/fr\/wp-json\/wp\/v2\/posts"}],"about":[{"href":"https:\/\/www.europesays.com\/fr\/wp-json\/wp\/v2\/types\/post"}],"author":[{"embeddable":true,"href":"https:\/\/www.europesays.com\/fr\/wp-json\/wp\/v2\/users\/2"}],"replies":[{"embeddable":true,"href":"https:\/\/www.europesays.com\/fr\/wp-json\/wp\/v2\/comments?post=448827"}],"version-history":[{"count":0,"href":"https:\/\/www.europesays.com\/fr\/wp-json\/wp\/v2\/posts\/448827\/revisions"}],"wp:featuredmedia":[{"embeddable":true,"href":"https:\/\/www.europesays.com\/fr\/wp-json\/wp\/v2\/media\/448828"}],"wp:attachment":[{"href":"https:\/\/www.europesays.com\/fr\/wp-json\/wp\/v2\/media?parent=448827"}],"wp:term":[{"taxonomy":"category","embeddable":true,"href":"https:\/\/www.europesays.com\/fr\/wp-json\/wp\/v2\/categories?post=448827"},{"taxonomy":"post_tag","embeddable":true,"href":"https:\/\/www.europesays.com\/fr\/wp-json\/wp\/v2\/tags?post=448827"}],"curies":[{"name":"wp","href":"https:\/\/api.w.org\/{rel}","templated":true}]}}