{"id":448833,"date":"2025-10-09T01:12:12","date_gmt":"2025-10-09T01:12:12","guid":{"rendered":"https:\/\/www.europesays.com\/fr\/448833\/"},"modified":"2025-10-09T01:12:12","modified_gmt":"2025-10-09T01:12:12","slug":"previsions-du-jeudi-9-octobre-2025-9","status":"publish","type":"post","link":"https:\/\/www.europesays.com\/fr\/448833\/","title":{"rendered":"pr\u00e9visions du jeudi 9 octobre 2025"},"content":{"rendered":"<p class=\"mb-4 text-lg md:leading-8 break-words\"><strong>M\u00e9t\u00e9o &#8211; Un beau soleil est attendu aujourd&rsquo;hui. Les temp\u00e9ratures seront de 18\u00b0C le matin et de 21\u00b0C l&rsquo;apr\u00e8s-midi&#8230;<\/strong><\/p>\n<p class=\"mb-4 text-lg md:leading-8 break-words\">Montpellier va conna\u00eetre une magnifique journ\u00e9e tr\u00e8s ensoleill\u00e9e. Les valeurs afficheront entre 15 et 22\u00b0C. Il va faire en moyenne 18\u00b0C, le matin. Un vent de nord soufflera l\u00e9g\u00e8rement, avec 4 km\/h. Les temp\u00e9ratures iront de 19 \u00e0 22\u00b0C sur l&rsquo;ensemble de l&rsquo;apr\u00e8s-midi. Le ciel va s&rsquo;\u00e9claircir au cours de la soir\u00e9e. Les valeurs tourneront autour des 18\u00b0C. Un ciel clair est pr\u00e9vu dans la nuit reliant jeudi et vendredi.<\/p>\n<p class=\"mb-4 text-lg md:leading-8 break-words\">C&rsquo;est un soleil splendide qui va briller demain sur Montpellier. On anticipe des temp\u00e9ratures avoisinant 19\u00b0C. Il fera 19\u00b0C en moyenne le matin. Un vent de nord-est rafra\u00eechira sensiblement l&rsquo;atmosph\u00e8re. Les valeurs seront de 20\u00b0C au minimum et de 23\u00b0C au plus haut l&rsquo;apr\u00e8s-midi. Des \u00e9claircies sont pr\u00e9vues : on passera une soir\u00e9e agr\u00e9able. Une modeste brise de nord-est sera ressentie par les habitants.<\/p>\n<p class=\"mb-4 text-lg md:leading-8 break-words\">Peu d&rsquo;\u00e9volutions au fil des jours. On s&rsquo;attend \u00e0 des journ\u00e9es ensoleill\u00e9es, avec des temp\u00e9ratures dans les 19\u00b0C en moyenne.<\/p>\n<p class=\"mb-4 text-lg md:leading-8 break-words\"><a href=\"https:\/\/www.20minutes.fr\/planete\/previsions-meteo\/4178102-20251009-meteo-montpellier-previsions-jeudi-9-octobre-2025?at_medium=RSS%20feed&amp;at_campaign=ynews&amp;utm_source=yahoo&amp;utm_medium=rss&amp;utm_campaign=news_feed&amp;utm_content=read_more_link&quot;\" rel=\"nofollow noopener\" target=\"_blank\" data-ylk=\"slk:Lire la suite sur 20minutes;elm:context_link;itc:0;sec:content-canvas\" class=\"link \">Lire la suite sur 20minutes<\/a><\/p>\n","protected":false},"excerpt":{"rendered":"M\u00e9t\u00e9o &#8211; Un beau soleil est attendu aujourd&rsquo;hui. Les temp\u00e9ratures seront de 18\u00b0C le matin et de 21\u00b0C&hellip;\n","protected":false},"author":2,"featured_media":448834,"comment_status":"","ping_status":"","sticky":false,"template":"","format":"standard","meta":{"footnotes":""},"categories":[9599],"tags":[1111,11,1777,674,1011,27,44166,2487,2208,12,2680,25],"class_list":{"0":"post-448833","1":"post","2":"type-post","3":"status-publish","4":"format-standard","5":"has-post-thumbnail","7":"category-montpellier","8":"tag-actu","9":"tag-actualites","10":"tag-eu","11":"tag-europe","12":"tag-fr","13":"tag-france","14":"tag-le-matin","15":"tag-meteo","16":"tag-montpellier","17":"tag-news","18":"tag-occitanie","19":"tag-republique-francaise"},"share_on_mastodon":{"url":"https:\/\/pubeurope.com\/@fr\/115341554023393249","error":""},"_links":{"self":[{"href":"https:\/\/www.europesays.com\/fr\/wp-json\/wp\/v2\/posts\/448833","targetHints":{"allow":["GET"]}}],"collection":[{"href":"https:\/\/www.europesays.com\/fr\/wp-json\/wp\/v2\/posts"}],"about":[{"href":"https:\/\/www.europesays.com\/fr\/wp-json\/wp\/v2\/types\/post"}],"author":[{"embeddable":true,"href":"https:\/\/www.europesays.com\/fr\/wp-json\/wp\/v2\/users\/2"}],"replies":[{"embeddable":true,"href":"https:\/\/www.europesays.com\/fr\/wp-json\/wp\/v2\/comments?post=448833"}],"version-history":[{"count":0,"href":"https:\/\/www.europesays.com\/fr\/wp-json\/wp\/v2\/posts\/448833\/revisions"}],"wp:featuredmedia":[{"embeddable":true,"href":"https:\/\/www.europesays.com\/fr\/wp-json\/wp\/v2\/media\/448834"}],"wp:attachment":[{"href":"https:\/\/www.europesays.com\/fr\/wp-json\/wp\/v2\/media?parent=448833"}],"wp:term":[{"taxonomy":"category","embeddable":true,"href":"https:\/\/www.europesays.com\/fr\/wp-json\/wp\/v2\/categories?post=448833"},{"taxonomy":"post_tag","embeddable":true,"href":"https:\/\/www.europesays.com\/fr\/wp-json\/wp\/v2\/tags?post=448833"}],"curies":[{"name":"wp","href":"https:\/\/api.w.org\/{rel}","templated":true}]}}