{"id":448839,"date":"2025-10-09T01:16:18","date_gmt":"2025-10-09T01:16:18","guid":{"rendered":"https:\/\/www.europesays.com\/fr\/448839\/"},"modified":"2025-10-09T01:16:18","modified_gmt":"2025-10-09T01:16:18","slug":"battu-a-grenoble-le-lhc-est-elimine-rts-ch","status":"publish","type":"post","link":"https:\/\/www.europesays.com\/fr\/448839\/","title":{"rendered":"Battu \u00e0 Grenoble, le LHC est \u00e9limin\u00e9 &#8211; rts.ch"},"content":{"rendered":"<p>Lausanne peut tirer un trait sur ses ambitions europ\u00e9ennes. Battu 7-4 sur la glace de Grenoble, le LHC est d&rsquo;ores et d\u00e9j\u00e0 \u00e9limin\u00e9 apr\u00e8s avoir subi sa 4e d\u00e9faite en 5 journ\u00e9es de Champions League. Heinz Ehlers a pour sa part v\u00e9cu un bapt\u00eame du feu tranquille \u00e0 la t\u00eate du CP Berne, qui a \u00e9cras\u00e9 Belfast 7-0.<\/p>\n<p>Les Lions de Geoff Ward \u00e9taient pr\u00e9venus: les Br\u00fbleurs de Loup grenoblois avaient d\u00e9j\u00e0 battu une formation helv\u00e9tique &#8211; Berne en l&rsquo;occurrence, sur le score de 2-0 &#8211; dans cette comp\u00e9tition. Malgr\u00e9 cet avertissement, les Lausannois se sont retrouv\u00e9s men\u00e9s 2-0 par les champions de France 2025 apr\u00e8s 19&rsquo;04.<\/p>\n<p>Le LHC s&rsquo;est r\u00e9volt\u00e9, renversant m\u00eame totalement la vapeur gr\u00e2ce notamment \u00e0 un doubl\u00e9 de Benjamin Bougro pour mener 4-2 \u00e0 la 44e. Mais la formation vaudoise a craqu\u00e9 dans les 3 derni\u00e8res minutes, encaissant 3 buts. Avec 3 points \u00e0 son compteur, elle occupe le 23e et avant-dernier rang de la saison r\u00e9guli\u00e8re&#8230;<\/p>\n<p>Berne a pour sa part assur\u00e9 sa place en 8es de finale, d\u00e9crochant un 3e succ\u00e8s en 5 sorties face aux Belfast Giants. Les Ours ont rapidement pris les commandes, Emil Bemstr\u00f6m (auteur d&rsquo;un tripl\u00e9 mercredi) signant le 1-0 apr\u00e8s 37 secondes de jeu seulement.<\/p>\n<p class=\"sources\">ats\/adav<\/p>\n","protected":false},"excerpt":{"rendered":"Lausanne peut tirer un trait sur ses ambitions europ\u00e9ennes. Battu 7-4 sur la glace de Grenoble, le LHC&hellip;\n","protected":false},"author":2,"featured_media":448840,"comment_status":"","ping_status":"","sticky":false,"template":"","format":"standard","meta":{"footnotes":""},"categories":[9566],"tags":[1111,11,2430,57461,8484,1777,674,1011,27,2731,57462,57463,4488,4133,26705,57464,57465,57466,12,25,517],"class_list":{"0":"post-448839","1":"post","2":"type-post","3":"status-publish","4":"format-standard","5":"has-post-thumbnail","7":"category-grenoble","8":"tag-actu","9":"tag-actualites","10":"tag-auvergne-rhone-alpes","11":"tag-cp-berne","12":"tag-defaite","13":"tag-eu","14":"tag-europe","15":"tag-fr","16":"tag-france","17":"tag-grenoble","18":"tag-grenoble-lausanne","19":"tag-heinz-ehlers","20":"tag-hockey","21":"tag-hockey-sur-glace","22":"tag-lausanne","23":"tag-lausanne-hockey-club","24":"tag-ligue-des-champions-regular-season","25":"tag-ligue-des-champions-de-hockey-sur-glace","26":"tag-news","27":"tag-republique-francaise","28":"tag-sport"},"share_on_mastodon":{"url":"https:\/\/pubeurope.com\/@fr\/115341569783550717","error":""},"_links":{"self":[{"href":"https:\/\/www.europesays.com\/fr\/wp-json\/wp\/v2\/posts\/448839","targetHints":{"allow":["GET"]}}],"collection":[{"href":"https:\/\/www.europesays.com\/fr\/wp-json\/wp\/v2\/posts"}],"about":[{"href":"https:\/\/www.europesays.com\/fr\/wp-json\/wp\/v2\/types\/post"}],"author":[{"embeddable":true,"href":"https:\/\/www.europesays.com\/fr\/wp-json\/wp\/v2\/users\/2"}],"replies":[{"embeddable":true,"href":"https:\/\/www.europesays.com\/fr\/wp-json\/wp\/v2\/comments?post=448839"}],"version-history":[{"count":0,"href":"https:\/\/www.europesays.com\/fr\/wp-json\/wp\/v2\/posts\/448839\/revisions"}],"wp:featuredmedia":[{"embeddable":true,"href":"https:\/\/www.europesays.com\/fr\/wp-json\/wp\/v2\/media\/448840"}],"wp:attachment":[{"href":"https:\/\/www.europesays.com\/fr\/wp-json\/wp\/v2\/media?parent=448839"}],"wp:term":[{"taxonomy":"category","embeddable":true,"href":"https:\/\/www.europesays.com\/fr\/wp-json\/wp\/v2\/categories?post=448839"},{"taxonomy":"post_tag","embeddable":true,"href":"https:\/\/www.europesays.com\/fr\/wp-json\/wp\/v2\/tags?post=448839"}],"curies":[{"name":"wp","href":"https:\/\/api.w.org\/{rel}","templated":true}]}}