{"id":448850,"date":"2025-10-09T01:23:17","date_gmt":"2025-10-09T01:23:17","guid":{"rendered":"https:\/\/www.europesays.com\/fr\/448850\/"},"modified":"2025-10-09T01:23:17","modified_gmt":"2025-10-09T01:23:17","slug":"metamorphose-pour-35-millions-deuros-cet-ancien-theatre-va-rouvrir-sous-un-nouveau-nom","status":"publish","type":"post","link":"https:\/\/www.europesays.com\/fr\/448850\/","title":{"rendered":"m\u00e9tamorphos\u00e9 pour 35 millions d&rsquo;euros, cet ancien th\u00e9\u00e2tre va rouvrir sous un nouveau nom"},"content":{"rendered":"<p>            Par<br \/>\n        <strong><br \/>\n            <a href=\"https:\/\/actu.fr\/auteur\/laure-gentil\" title=\"Consulter tous les articles de Laure Gentil\" rel=\"nofollow noopener\" target=\"_blank\">Laure Gentil<\/a><br \/>\n        <\/strong><\/p>\n<p>        Publi\u00e9 le<\/p>\n<p>            8 oct. 2025 \u00e0 17h08        <\/p>\n<p>En chantier jusqu\u2019\u00e0 d\u00e9but 2025, le<a href=\"https:\/\/actu.fr\/pays-de-la-loire\/nantes_44109\/nantes-a-quoi-va-ressembler-le-grand-t-apres-sa-fermeture-cet-ete-pour-deux-ans_48252881.html\" rel=\"nofollow noopener\" target=\"_blank\"><strong> th\u00e9\u00e2tre du Grand T<\/strong><\/a> \u00e0 Nantes s\u2019appr\u00eate \u00e0 ouvrir ses portes avec un nouveau nom\u2009: <strong>Mixt<\/strong>, issu de la fusion du Grand T et de Musique et Danse en Loire-Atlantique. L\u2019ouverture officielle aura lieu<strong> le 13\u00a0d\u00e9cembre 2025<\/strong>, soit trois ans et demi apr\u00e8s le d\u00e9but des travaux, qui ont co\u00fbt\u00e9 35\u00a0millions d\u2019euros.<\/p>\n<p class=\" wall-content\">Une s\u00e9rie de spectacles, d\u2019ateliers et une roller party sont organis\u00e9s pour f\u00eater l\u2019\u00e9v\u00e9nement, du 13 au 27 d\u00e9cembre.<\/p>\n<p>Cinq grands spectacles<\/p>\n<p class=\" wall-content\">Pour c\u00e9l\u00e9brer l\u2019ouverture de Mixt, les Nantais et les Nantaises pourront assister \u00e0<strong>\u00a0cinq grands spectacles dont deux cr\u00e9ations<\/strong>, des ateliers (pour tous les \u00e2ges) en th\u00e9\u00e2tre, danse, Qi-Gong ou encore de cuisine. Une \u00ab\u2009grosse f\u00eate le 13 au soir avec roller party sous un pr\u00e9au\u2009\u00bb et \u00ab\u2009un sapin \u00e0 d\u00e9corer\u2009\u00bb ont aussi \u00e9t\u00e9 annonc\u00e9s.<\/p>\n<p class=\" wall-content\">Plus tard, <strong>en mai\u00a02026,<\/strong> Mixt accueillera Les Cosmopolites, \u00ab\u2009une semaine de rencontres artistiques et de d\u00e9bat d\u2019id\u00e9es sans fronti\u00e8res\u2009\u00bb, indique Catherine Blondeau, directrice de l\u2019EPCC Mixt.<\/p>\n<p>    <img   decoding=\"async\" loading=\"lazy\" src=\"https:\/\/www.europesays.com\/fr\/wp-content\/uploads\/2025\/10\/20250930-mg-8996-c-paul-pascal-departement-de-loire-atlantique-960x640.jpg\" alt=\"Une salle de 350 places a \u00e9t\u00e9 ajout\u00e9e.\" width=\"960\" height=\"640\"\/><br \/>\n    Une salle de 350 places a \u00e9t\u00e9 ajout\u00e9e. (\u00a9Paul Pascal\/D\u00e9partement de Loire-Atlantique\/Transmis \u00e0 actu Nantes)<\/p>\n<p class=\" wall-content\"><strong>En juin<\/strong>, la compagnie Baro d\u2019Evel aura \u00ab\u2009carte blanche pour investir tout le site et son jardin et nous le faire red\u00e9couvrir au printemps \u00e0 travers son regard et son art multiforme\u2009\u00bb.<\/p>\n<blockquote class=\"ac-article-quote wall-content\">\n<p>En juillet, une f\u00eate organis\u00e9e avec la compagnie Le Bal des Oiseaux et les habitants du quartier populaire de La Halv\u00eaque \u00e0 Nantes, qui marquera la fin de quatre ann\u00e9es de jumelage.<\/p>\n<p>    <strong>Catherine Blondeau<\/strong><br \/>\n        Directrice de l\u2019EPCC Mixt    <\/p><\/blockquote>\n<p>Votre r\u00e9gion, votre actu !<\/p>\n<p>Recevez chaque jour les infos qui comptent pour vous.<\/p>\n<p>\t<a href=\"https:\/\/actu.fr\/newsletter\" class=\"ac-btn ac-btn--corner ac-btn--medium ac-btn--blue800\" rel=\"nofollow noopener\" target=\"_blank\">S&rsquo;incrire<\/a><br \/>\n350 places en plus et un restaurant<\/p>\n<p class=\" wall-content\">\u00ab\u2009Mixt voit le jour dans un contexte compliqu\u00e9. La crise que traverse la fili\u00e8re du spectacle vivant est sans pr\u00e9c\u00e9dent\u2009\u00bb, commente Catherine Blondeau.<\/p>\n<blockquote class=\"ac-article-quote wall-content\">\n<p>Lancer un nouveau projet dans ce contexte nous donne des responsabilit\u00e9s : il s\u2019agit d\u2019\u00eatre \u00e0 la hauteur des ambitions des partenaires publics qui nous soutiennent, des attentes des artistes et de celles du public. Il s\u2019agit aussi de convaincre et de faire r\u00eaver.<\/p>\n<p>    <strong>Catherine Blondeau <\/strong><br \/>\n        Directrice de l&rsquo;EPCC Mixt    <\/p><\/blockquote>\n<p class=\" wall-content\">Pour rappel, <a href=\"https:\/\/actu.fr\/pays-de-la-loire\/nantes_44109\/nantes-350-places-et-un-restaurant-les-nouveautes-du-theatre-le-grand-t_59631583.html\" rel=\"nofollow noopener\" target=\"_blank\">les artistes auront acc\u00e8s \u00e0 un studio de danse, un studio son et vid\u00e9o et un foyer d\u2019artistes.<\/a><\/p>\n<p>    <img   decoding=\"async\" loading=\"lazy\" src=\"https:\/\/www.europesays.com\/fr\/wp-content\/uploads\/2025\/10\/20250930-mg-9046-c-paul-pascal-departement-de-loire-atlantique-960x640.jpg\" alt=\"Il y aura aussi un studio de danse, un studio son et un foyer d'artistes\" width=\"960\" height=\"640\"\/><br \/>\n    Il y aura aussi un studio de danse, un studio son et un foyer d\u2019artistes. (\u00a9Paul Pascal\/D\u00e9partement de Loire-Atlantique\/Transmis \u00e0 actu Nantes)<\/p>\n<p class=\" wall-content\">La grande salle existante aux 850 places a \u00e9t\u00e9 r\u00e9nov\u00e9e et une seconde salle, appel\u00e9e salle Nova, de 350 places, avec<strong> si\u00e8ges r\u00e9tractables,<\/strong> vient s\u2019ajouter. Elle servira aux r\u00e9p\u00e9titions et aux spectacles n\u00e9cessitant plus de proximit\u00e9 avec le public.<\/p>\n<p class=\" wall-content\">Personnalisez votre actualit\u00e9 en ajoutant vos villes et m\u00e9dias en favori avec <a href=\"https:\/\/moncompte.actu.fr\" title=\"D\u00e9couvez Mon Actu\" rel=\"nofollow noopener\" data-trk=\"{&quot;cta&quot;:{&quot;action&quot;:&quot;https:\\\/\\\/moncompte.actu.fr&quot;,&quot;category&quot;:&quot;mon compte&quot;,&quot;from&quot;:&quot;article footer&quot;,&quot;name&quot;:&quot;Mon actu&quot;,&quot;type&quot;:&quot;cta&quot;}}\" target=\"_blank\">Mon Actu<\/a>.<\/p>\n","protected":false},"excerpt":{"rendered":"Par Laure Gentil Publi\u00e9 le 8 oct. 2025 \u00e0 17h08 En chantier jusqu\u2019\u00e0 d\u00e9but 2025, le th\u00e9\u00e2tre du&hellip;\n","protected":false},"author":2,"featured_media":448851,"comment_status":"","ping_status":"","sticky":false,"template":"","format":"standard","meta":{"footnotes":""},"categories":[2818],"tags":[1111,11,1777,674,1011,27,1652,766,12,2636,25],"class_list":{"0":"post-448850","1":"post","2":"type-post","3":"status-publish","4":"format-standard","5":"has-post-thumbnail","7":"category-nantes","8":"tag-actu","9":"tag-actualites","10":"tag-eu","11":"tag-europe","12":"tag-fr","13":"tag-france","14":"tag-loisirs-culture","15":"tag-nantes","16":"tag-news","17":"tag-pays-de-la-loire","18":"tag-republique-francaise"},"share_on_mastodon":{"url":"https:\/\/pubeurope.com\/@fr\/115341597887266919","error":""},"_links":{"self":[{"href":"https:\/\/www.europesays.com\/fr\/wp-json\/wp\/v2\/posts\/448850","targetHints":{"allow":["GET"]}}],"collection":[{"href":"https:\/\/www.europesays.com\/fr\/wp-json\/wp\/v2\/posts"}],"about":[{"href":"https:\/\/www.europesays.com\/fr\/wp-json\/wp\/v2\/types\/post"}],"author":[{"embeddable":true,"href":"https:\/\/www.europesays.com\/fr\/wp-json\/wp\/v2\/users\/2"}],"replies":[{"embeddable":true,"href":"https:\/\/www.europesays.com\/fr\/wp-json\/wp\/v2\/comments?post=448850"}],"version-history":[{"count":0,"href":"https:\/\/www.europesays.com\/fr\/wp-json\/wp\/v2\/posts\/448850\/revisions"}],"wp:featuredmedia":[{"embeddable":true,"href":"https:\/\/www.europesays.com\/fr\/wp-json\/wp\/v2\/media\/448851"}],"wp:attachment":[{"href":"https:\/\/www.europesays.com\/fr\/wp-json\/wp\/v2\/media?parent=448850"}],"wp:term":[{"taxonomy":"category","embeddable":true,"href":"https:\/\/www.europesays.com\/fr\/wp-json\/wp\/v2\/categories?post=448850"},{"taxonomy":"post_tag","embeddable":true,"href":"https:\/\/www.europesays.com\/fr\/wp-json\/wp\/v2\/tags?post=448850"}],"curies":[{"name":"wp","href":"https:\/\/api.w.org\/{rel}","templated":true}]}}