{"id":448852,"date":"2025-10-09T01:24:46","date_gmt":"2025-10-09T01:24:46","guid":{"rendered":"https:\/\/www.europesays.com\/fr\/448852\/"},"modified":"2025-10-09T01:24:46","modified_gmt":"2025-10-09T01:24:46","slug":"cetait-assez-humiliant-pascal-praud-cash-sur-son-echec-en-tant-que-directeur-du-fc-nantes","status":"publish","type":"post","link":"https:\/\/www.europesays.com\/fr\/448852\/","title":{"rendered":"\u00ab\u00a0C\u2019\u00e9tait assez humiliant\u00a0\u00bb : Pascal Praud cash sur son \u00e9chec en tant que directeur du FC Nantes"},"content":{"rendered":"<p>Avant de devenir l\u2019une des figures embl\u00e9matiques de CNews, <strong>Pascal Praud<\/strong> a connu plusieurs vies professionnelles. Journaliste sportif au sein du groupe TF1 pendant plus de vingt ans, il a longtemps incarn\u00e9 la passion du football, notamment \u00e0 travers l\u2019\u00e9mission culte <strong>T\u00e9l\u00e9foot<\/strong>. Pourtant, \u00e0 la fin des ann\u00e9es 2000, le journaliste d\u00e9cide de tourner la page et de donner une nouvelle direction \u00e0 sa carri\u00e8re. En 2008, il accepte de rejoindre le <strong>Football Club de Nantes<\/strong> en tant que directeur g\u00e9n\u00e9ral d\u00e9l\u00e9gu\u00e9, charg\u00e9 de la communication et du marketing\u2026 une aventure qui s\u2019av\u00e9rera aussi br\u00e8ve que douloureuse.<\/p>\n<p><a id=\"eztoc103317080_1\"\/>Pascal Praud : \u00ab\u00a0\u00c0 TF1, j\u2019\u00e9tais sur une voie de garage\u00a0\u00bb<\/p>\n<p>Dans un entretien accord\u00e9 au  <a href=\"https:\/\/www.lequipe.fr\/Medias\/Article\/Grand-recit--tu-ne-vas-trouver-personne-pour-dire-du-bien-de-moi-quand-pascal-praud-etait-dirigeant-du-fc-nantes\/1599806\" target=\"_blank\" rel=\"noopener nofollow\"> magazine L\u2019\u00c9quipe<\/a>, Pascal Praud est tout d&rsquo;abord revenu sur les raisons de son d\u00e9part de TF1. \u00ab\u00a0<strong>\u00c0 TF1, j\u2019\u00e9tais sur une voie de garage, Thierry Gilardi arrive, je suis vir\u00e9 de \u201cT\u00e9l\u00e9foot\u201d en d\u00e9cembre 2003, je travaille pour les journaux t\u00e9l\u00e9vis\u00e9s. Je couvre l\u2019Euro 2004, la Coupe du monde 2006, mais je m\u2019ennuie\u00a0\u00bb<\/strong>. Malgr\u00e9 un confortable salaire de \u00ab\u00a0<strong>9.000 euros\u00a0\u00bb<\/strong> le journaliste quitte son poste avec\u00a0\u00ab\u00a0un gros ch\u00e8que\u00a0\u00bb apr\u00e8s vingt ans d\u2019anciennet\u00e9, pour le FC Nantes. \u00ab\u00a0J\u2019ai multipli\u00e9 mon salaire par deux, j\u2019avais un appartement de fonction, une voiture\u00a0\u00bb\u00a0Mais, Pascal avoue aujourd\u2019hui s\u2019\u00eatre tromp\u00e9 de motivation. \u00ab\u00a0Cela prouve qu\u2019il ne faut jamais faire les choses pour l\u2019argent\u00a0\u00bb, reconna\u00eet-il.\u00a0<\/p>\n<p><a id=\"eztoc103317080_2\"\/>Pascal Praud admet son \u00e9chec \u00e0 la direction du FC Nantes : \u00ab\u00a0Je n\u2019\u00e9tais pas bon\u00a0\u00bb<\/p>\n<p>Le journaliste poursuit, en revenant sur son passage \u00e0 la direction du c\u00e9l\u00e8bre club de foot. Une exp\u00e9rience loin d\u2019\u00eatre \u00e0 la hauteur de ses esp\u00e9rances. Lucide, Praud admet avoir \u00e9t\u00e9 d\u00e9stabilis\u00e9 par un univers qu\u2019il ne ma\u00eetrisait pas. \u00ab\u00a0<strong>Je n\u2019avais pas les codes, je n\u2019avais pas confiance en mon jugement, je n\u2019\u00e9tais pas bon, je le savais, et c\u2019\u00e9tait d\u2019ailleurs assez humiliant (\u2026) Mais cette exp\u00e9rience est celle qui m\u2019a le plus servi dans ma vie sur le plan humain. J\u2019ai compris que mon m\u00e9tier, c\u2019\u00e9tait le journalisme, j\u2019aime appartenir \u00e0 une r\u00e9daction, j\u2019aime parler avec les journalistes\u00a0\u00bb, <\/strong>a-t-il conclu.<\/p>\n<p>\u00a0<\/p>\n<p>\u00a0\n            <\/p>\n","protected":false},"excerpt":{"rendered":"Avant de devenir l\u2019une des figures embl\u00e9matiques de CNews, Pascal Praud a connu plusieurs vies professionnelles. Journaliste sportif&hellip;\n","protected":false},"author":2,"featured_media":448853,"comment_status":"","ping_status":"","sticky":false,"template":"","format":"standard","meta":{"footnotes":""},"categories":[2818],"tags":[1111,11,1777,674,1011,27,766,12,2636,25],"class_list":{"0":"post-448852","1":"post","2":"type-post","3":"status-publish","4":"format-standard","5":"has-post-thumbnail","7":"category-nantes","8":"tag-actu","9":"tag-actualites","10":"tag-eu","11":"tag-europe","12":"tag-fr","13":"tag-france","14":"tag-nantes","15":"tag-news","16":"tag-pays-de-la-loire","17":"tag-republique-francaise"},"share_on_mastodon":{"url":"https:\/\/pubeurope.com\/@fr\/115341601434015439","error":""},"_links":{"self":[{"href":"https:\/\/www.europesays.com\/fr\/wp-json\/wp\/v2\/posts\/448852","targetHints":{"allow":["GET"]}}],"collection":[{"href":"https:\/\/www.europesays.com\/fr\/wp-json\/wp\/v2\/posts"}],"about":[{"href":"https:\/\/www.europesays.com\/fr\/wp-json\/wp\/v2\/types\/post"}],"author":[{"embeddable":true,"href":"https:\/\/www.europesays.com\/fr\/wp-json\/wp\/v2\/users\/2"}],"replies":[{"embeddable":true,"href":"https:\/\/www.europesays.com\/fr\/wp-json\/wp\/v2\/comments?post=448852"}],"version-history":[{"count":0,"href":"https:\/\/www.europesays.com\/fr\/wp-json\/wp\/v2\/posts\/448852\/revisions"}],"wp:featuredmedia":[{"embeddable":true,"href":"https:\/\/www.europesays.com\/fr\/wp-json\/wp\/v2\/media\/448853"}],"wp:attachment":[{"href":"https:\/\/www.europesays.com\/fr\/wp-json\/wp\/v2\/media?parent=448852"}],"wp:term":[{"taxonomy":"category","embeddable":true,"href":"https:\/\/www.europesays.com\/fr\/wp-json\/wp\/v2\/categories?post=448852"},{"taxonomy":"post_tag","embeddable":true,"href":"https:\/\/www.europesays.com\/fr\/wp-json\/wp\/v2\/tags?post=448852"}],"curies":[{"name":"wp","href":"https:\/\/api.w.org\/{rel}","templated":true}]}}