{"id":448858,"date":"2025-10-09T01:27:11","date_gmt":"2025-10-09T01:27:11","guid":{"rendered":"https:\/\/www.europesays.com\/fr\/448858\/"},"modified":"2025-10-09T01:27:11","modified_gmt":"2025-10-09T01:27:11","slug":"deja-victime-dun-incendie-un-chateau-pres-de-toulouse-touche-par-un-nouveau-depart-de-feu","status":"publish","type":"post","link":"https:\/\/www.europesays.com\/fr\/448858\/","title":{"rendered":"D\u00e9j\u00e0 victime d&rsquo;un incendie, un ch\u00e2teau pr\u00e8s de Toulouse touch\u00e9 par un nouveau d\u00e9part de feu"},"content":{"rendered":"<p>            Par<br \/>\n        <strong><br \/>\n            <a href=\"https:\/\/actu.fr\/auteur\/lucie-2\" title=\"Consulter tous les articles de Lucie Fraisse\" rel=\"nofollow noopener\" target=\"_blank\">Lucie Fraisse<\/a><br \/>\n        <\/strong><\/p>\n<p>        Publi\u00e9 le<\/p>\n<p>            8 oct. 2025 \u00e0 17h01        <\/p>\n<p>Pr\u00e8s de <a href=\"https:\/\/actu.fr\/occitanie\/saint-jory_31490\/en-images-pres-de-toulouse-un-manoir-de-400-m-totalement-embrase-les-pompiers-evitent-le-pire_63192357.html\" rel=\"nofollow noopener\" target=\"_blank\">20 jours apr\u00e8s l\u2019incendie qui a d\u00e9truit en grande partie le ch\u00e2teau de Novital<\/a>, \u00e0 <strong>Saint-Jory<\/strong> (Haute-Garonne), pr\u00e8s de <strong>Toulouse<\/strong>, les pompiers ont \u00e9t\u00e9 de nouveau mobilis\u00e9s sur les lieux ce mercredi 8 octobre 2025, apr\u00e8s que de la fum\u00e9e a \u00e9t\u00e9 aper\u00e7ue sur les lieux. Ce sont des voisins qui ont donn\u00e9 l\u2019alerte.<\/p>\n<p>Fum\u00e9e dans une tour du ch\u00e2teau\u00a0<\/p>\n<p class=\" wall-content\">\u00ab\u00a0La fum\u00e9e \u00e9tait visible dans une tour du ch\u00e2teau, explique<strong> Victor Denouvion, maire de Saint-Jory,<\/strong> qui s\u2019est rendu sur les lieux aujourd\u2019hui. Les pompiers \u00e9taient sur place, mais leur intervention a \u00e9t\u00e9 compliqu\u00e9e, car la zone est tr\u00e8s dangereuse et difficile d\u2019acc\u00e8s. Le sinistre a cependant \u00e9t\u00e9 rapidement ma\u00eetris\u00e9.\u00a0\u00bb<\/p>\n<p class=\" wall-content\">Le ch\u00e2teau de Novital avait d\u00e9j\u00e0 \u00e9t\u00e9 touch\u00e9 par un incendie dans la soir\u00e9e du 20 septembre dernier. Le <strong>b\u00e2timent de 400m\u00b2<\/strong>, \u00e0 l\u2019abandon depuis des ann\u00e9es, avait \u00e9t\u00e9 presque enti\u00e8rement d\u00e9truit.<\/p>\n<p>B\u00e2timent du XIXe si\u00e8cle<\/p>\n<p class=\" wall-content\">Ce b\u00e2timent du XVIe si\u00e8cle \u00e9tait inhabit\u00e9 depuis une dizaine d\u2019ann\u00e9es et faisait la joie<a href=\"https:\/\/actu.fr\/occitanie\/toulouse_31555\/toulouse-abandonnes-depuis-des-lustres-ces-sites-sont-figes-dans-le-temps-leurs-images-saisissantes_51307204.html\" rel=\"nofollow noopener\" target=\"_blank\"> des amateurs d\u2019urbex<\/a>. Les lieux sont une propri\u00e9t\u00e9 priv\u00e9e qui appartient aux descendants d\u2019<strong>Agha Petros, un chef d\u2019\u00c9tat et militaire assyrien<\/strong> qui avait achet\u00e9 le ch\u00e2teau au lendemain de la Premi\u00e8re Guerre mondiale.<\/p>\n<p class=\" wall-content\">Une enqu\u00eate avait \u00e9t\u00e9 ouverte au lendemain de l\u2019incendie du 20 septembre 2025. \u00c0 ce jour, on ignore encore si le feu \u00e9tait d\u2019origine criminelle.\u00a0<\/p>\n<p class=\" wall-content\">Personnalisez votre actualit\u00e9 en ajoutant vos villes et m\u00e9dias en favori avec <a href=\"https:\/\/moncompte.actu.fr\" title=\"D\u00e9couvez Mon Actu\" rel=\"nofollow noopener\" data-trk=\"{&quot;cta&quot;:{&quot;action&quot;:&quot;https:\\\/\\\/moncompte.actu.fr&quot;,&quot;category&quot;:&quot;mon compte&quot;,&quot;from&quot;:&quot;article footer&quot;,&quot;name&quot;:&quot;Mon actu&quot;,&quot;type&quot;:&quot;cta&quot;}}\" target=\"_blank\">Mon Actu<\/a>.<\/p>\n","protected":false},"excerpt":{"rendered":"Par Lucie Fraisse Publi\u00e9 le 8 oct. 2025 \u00e0 17h01 Pr\u00e8s de 20 jours apr\u00e8s l\u2019incendie qui a&hellip;\n","protected":false},"author":2,"featured_media":285491,"comment_status":"","ping_status":"","sticky":false,"template":"","format":"standard","meta":{"footnotes":""},"categories":[2816],"tags":[1111,11,1777,674,118,1011,27,1310,12,2680,1311,25,2312],"class_list":{"0":"post-448858","1":"post","2":"type-post","3":"status-publish","4":"format-standard","5":"has-post-thumbnail","7":"category-toulouse","8":"tag-actu","9":"tag-actualites","10":"tag-eu","11":"tag-europe","12":"tag-faits-divers","13":"tag-fr","14":"tag-france","15":"tag-incendie","16":"tag-news","17":"tag-occitanie","18":"tag-pompiers","19":"tag-republique-francaise","20":"tag-toulouse"},"share_on_mastodon":{"url":"https:\/\/pubeurope.com\/@fr\/115341613031141506","error":""},"_links":{"self":[{"href":"https:\/\/www.europesays.com\/fr\/wp-json\/wp\/v2\/posts\/448858","targetHints":{"allow":["GET"]}}],"collection":[{"href":"https:\/\/www.europesays.com\/fr\/wp-json\/wp\/v2\/posts"}],"about":[{"href":"https:\/\/www.europesays.com\/fr\/wp-json\/wp\/v2\/types\/post"}],"author":[{"embeddable":true,"href":"https:\/\/www.europesays.com\/fr\/wp-json\/wp\/v2\/users\/2"}],"replies":[{"embeddable":true,"href":"https:\/\/www.europesays.com\/fr\/wp-json\/wp\/v2\/comments?post=448858"}],"version-history":[{"count":0,"href":"https:\/\/www.europesays.com\/fr\/wp-json\/wp\/v2\/posts\/448858\/revisions"}],"wp:featuredmedia":[{"embeddable":true,"href":"https:\/\/www.europesays.com\/fr\/wp-json\/wp\/v2\/media\/285491"}],"wp:attachment":[{"href":"https:\/\/www.europesays.com\/fr\/wp-json\/wp\/v2\/media?parent=448858"}],"wp:term":[{"taxonomy":"category","embeddable":true,"href":"https:\/\/www.europesays.com\/fr\/wp-json\/wp\/v2\/categories?post=448858"},{"taxonomy":"post_tag","embeddable":true,"href":"https:\/\/www.europesays.com\/fr\/wp-json\/wp\/v2\/tags?post=448858"}],"curies":[{"name":"wp","href":"https:\/\/api.w.org\/{rel}","templated":true}]}}