{"id":448861,"date":"2025-10-09T01:30:34","date_gmt":"2025-10-09T01:30:34","guid":{"rendered":"https:\/\/www.europesays.com\/fr\/448861\/"},"modified":"2025-10-09T01:30:34","modified_gmt":"2025-10-09T01:30:34","slug":"quand-et-a-quel-degre-voici-la-decision-finale","status":"publish","type":"post","link":"https:\/\/www.europesays.com\/fr\/448861\/","title":{"rendered":"quand et \u00e0 quel degr\u00e9 ? Voici la d\u00e9cision finale"},"content":{"rendered":"<p>            Par<br \/>\n        <strong><br \/>\n            <a href=\"https:\/\/actu.fr\/auteur\/margot-nicodeme\" title=\"Consulter tous les articles de Margot Nicod\u00e8me\" target=\"_blank\" rel=\"noopener\">Margot Nicod\u00e8me<\/a><br \/>\n        <\/strong><\/p>\n<p>        Publi\u00e9 le<\/p>\n<p>            8 oct. 2025 \u00e0 11h25        <\/p>\n<p>\u00ab\u00a0C\u2019est quand m\u00eame plus agr\u00e9able, que l\u2019on soit en famille ou entre amis, de <b>pouvoir marcher sur la Grand\u2019Place sans se soucier de la pr\u00e9sence des voitures<\/b>.\u00a0\u00bb <a href=\"https:\/\/actu.fr\/hauts-de-france\/lille_59350\/un-homme-tue-par-balles-a-lille-sud-pour-arnaud-deslandes-le-narcotrafic-pourrit-la-vie-des-lillois_63231931.html\" target=\"_blank\" rel=\"noopener\">Arnaud Deslandes<\/a> avait exprim\u00e9 un avis clair, lors de <a href=\"https:\/\/actu.fr\/hauts-de-france\/lille_59350\/demission-de-martine-aubry-qui-est-le-nouveau-maire-de-lille_62406681.html\" target=\"_blank\" rel=\"noopener\">son \u00e9lection<\/a> comme maire de <a href=\"https:\/\/actu.fr\/hauts-de-france\/lille_59350\" target=\"_blank\" rel=\"noopener\">Lille<\/a> (Nord), sur la <b>pi\u00e9tonnisation totale<\/b> de la plus c\u00e9l\u00e8bre place de la ville. Si ce changement d\u2019ampleur \u00e9tait donc act\u00e9, il fallait choisir <b>\u00e0 quel degr\u00e9 la circulation automobile allait dispara\u00eetre<\/b> de l\u2019environnement direct de <a href=\"https:\/\/actu.fr\/hauts-de-france\/lille_59350\/la-deesse-n-aurait-jamais-due-se-trouver-sur-la-grand-place-lille-voila-pourquoi_48161867.html\" target=\"_blank\" rel=\"noopener\">la D\u00e9esse<\/a>. Ce mercredi 8 octobre 2025, la mairie a d\u00e9voil\u00e9 le sc\u00e9nario pl\u00e9biscit\u00e9 par les Lillois, \u00e0 l\u2019issue de <a href=\"https:\/\/actu.fr\/hauts-de-france\/lille_59350\/lille-la-pietonnisation-de-la-grandplace-cest-pour-bientot-quelle-option-preferez-vous_62830812.html\" target=\"_blank\" rel=\"noopener\">la grande concertation en ligne<\/a>.\u00a0<\/p>\n<p>Pi\u00e9tonnisation de la Grand\u2019Place de Lille : le sc\u00e9nario le plus \u00ab\u00a0\u00e9tendu\u00a0\u00bb retenu<\/p>\n<p class=\" wall-content\">Cette concertation, lanc\u00e9e le 27 juin 2025, courait sur 3 mois. Elle demandait aux habitants de choisir entre deux sc\u00e9narii : un premier se limitant strictement \u00e0 la Grand\u2019Place, un second incluant un p\u00e9rim\u00e8tre plus large.<\/p>\n<ul class=\" wall-content\">\n<li>Sc\u00e9nario 1 \u2192 pi\u00e9tonnisation de la Grand\u2019Place uniquement, entre la rue Faidherbe et la rue Nationale. Le parking de la Grand\u2019Place resterait accessible.<\/li>\n<li>Sc\u00e9nario 2 \u2192\u00a0pi\u00e9tonnisation \u00e9largie \u00e0 une partie de la rue Pierre-Mauroy et de la rue Esquermoise.<\/li>\n<\/ul>\n<p class=\" wall-content\">Le maire Arnaud Deslandes a rendu le r\u00e9sultat ce mercredi 8 octobre, et<b> c\u2019est le sc\u00e9nario num\u00e9ro 2, le plus \u00e9tendu, qui l\u2019a emport\u00e9 \u00e0 74 % des voix<\/b>.\u00a0<\/p>\n<p>    <img   decoding=\"async\" loading=\"lazy\" class=\"size-large\" src=\"https:\/\/www.europesays.com\/fr\/wp-content\/uploads\/2025\/10\/a02c9cfc16e86d42c9cfc16e8b82c9v-960x640.jpg\" alt=\"Sc\u00e9nario 2\" width=\"960\" height=\"640\"\/><br \/>\n    Sc\u00e9nario 2 \u00a9Ville de Lille<\/p>\n<p class=\" wall-content\">Concr\u00e8tement, cela signifie que <b>les voitures ne traverseront plus la Grand\u2019Place<\/b>, entre la rue Faidherbe et la rue Nationale. Le secteur pi\u00e9ton s\u2019\u00e9tendra :<\/p>\n<ul class=\" wall-content\">\n<li>de l\u2019entr\u00e9e de la rue Pierre Mauroy \u00e0 la rue des Ponts de Comines<\/li>\n<li>de l\u2019entr\u00e9e de la rue Esquermoise \u00e0 la rue des Poissonceaux<\/li>\n<\/ul>\n<p>Votre r\u00e9gion, votre actu !<\/p>\n<p>Recevez chaque jour les infos qui comptent pour vous.<\/p>\n<p>\t<a href=\"https:\/\/actu.fr\/newsletter\" class=\"ac-btn ac-btn--corner ac-btn--medium ac-btn--blue800\" target=\"_blank\" rel=\"noopener\">S&rsquo;incrire<\/a><\/p>\n<p class=\" wall-content\">La rue du Cur\u00e9 Saint-\u00c9tienne deviendra int\u00e9gralement pi\u00e9tonne.<\/p>\n<p class=\" wall-content\">\u00ab\u00a0La pi\u00e9tonnisation n\u2019est <b>pas une punition de la voiture<\/b>\u00ab\u00a0, souligne toutefois Arnaud Deslandes. D\u2019ailleurs, le parking de 317 places sous la Grand\u2019Place restera accessible tout au long de l\u2019ann\u00e9e depuis la rue Nationale.<\/p>\n<p>\u00c0 quelle date la Grand\u2019Place deviendra-t-elle d\u00e9finitivement pi\u00e9tonne ?<\/p>\n<p class=\" wall-content\">D\u2019abord annonc\u00e9e pour le lancement des festivit\u00e9s de fin d\u2019ann\u00e9e, la pi\u00e9tonnisation d\u00e9finitive n\u2019interviendra qu\u2019en 2026, \u00e0\u00a0compter du <b>lundi 12 janvier<\/b>. Apr\u00e8s les f\u00eates de fin d\u2019ann\u00e9e et apr\u00e8s le lancement des soldes d\u2019hiver donc, conform\u00e9ment au souhait des commer\u00e7ants lillois.\u00a0<\/p>\n<p class=\" wall-content\">Mais de d\u00e9cembre \u00e0 janvier, une grande communication sera faite aupr\u00e8s riverains, commer\u00e7ants et autres publics.<\/p>\n<p>\u00ab\u00a0Un projet f\u00e9d\u00e9rateur pour les Lillois\u00a0\u00bb<\/p>\n<p class=\" wall-content\">En tout, il y a eu 12 669 participants \u00e0 cette concertation, cl\u00f4tur\u00e9e le 26 septembre. 95 % des votants sont des m\u00e9tropolitains, dont 64 % de Lillois (plus de 6000 votants). La part restante provint d\u2019au-del\u00e0 de la m\u00e9tropole de Lille.<\/p>\n<p class=\" wall-content\">En parall\u00e8le de la concertation, deux r\u00e9unions avec les commer\u00e7ants et deux balades urbaines ont \u00e9t\u00e9 men\u00e9es, ainsi que des \u00e9changes avec l\u2019Association Droit au V\u00e9lo (ADAV).\u00a0<\/p>\n<p class=\" wall-content\">\u00ab\u00a0C\u2019est un projet f\u00e9d\u00e9rateur pour les Lillois, il a soulev\u00e9 leur enthousiasme\u00a0\u00bb, s\u2019est r\u00e9jouit l\u2019\u00e9dile. C\u2019est \u00ab\u00a0un enjeu d\u2019apaisement, de confort \u00e0 Lille, comme \u00e0 Montpellier, Nancy, Bordeaux, pour retrouver l\u2019envie de se promener et d\u2019aller chez les commer\u00e7ants.\u00a0\u00bb<\/p>\n<p class=\" wall-content\">Personnalisez votre actualit\u00e9 en ajoutant vos villes et m\u00e9dias en favori avec <a href=\"https:\/\/moncompte.actu.fr\" title=\"D\u00e9couvez Mon Actu\" rel=\"nofollow noopener\" data-trk=\"{&quot;cta&quot;:{&quot;action&quot;:&quot;https:\\\/\\\/moncompte.actu.fr&quot;,&quot;category&quot;:&quot;mon compte&quot;,&quot;from&quot;:&quot;article footer&quot;,&quot;name&quot;:&quot;Mon actu&quot;,&quot;type&quot;:&quot;cta&quot;}}\" target=\"_blank\">Mon Actu<\/a>.<\/p>\n","protected":false},"excerpt":{"rendered":"Par Margot Nicod\u00e8me Publi\u00e9 le 8 oct. 2025 \u00e0 11h25 \u00ab\u00a0C\u2019est quand m\u00eame plus agr\u00e9able, que l\u2019on soit&hellip;\n","protected":false},"author":2,"featured_media":448862,"comment_status":"","ping_status":"","sticky":false,"template":"","format":"standard","meta":{"footnotes":""},"categories":[2815],"tags":[1111,11,646,1777,674,1011,27,811,1307,12,25,104,1352],"class_list":{"0":"post-448861","1":"post","2":"type-post","3":"status-publish","4":"format-standard","5":"has-post-thumbnail","7":"category-lille","8":"tag-actu","9":"tag-actualites","10":"tag-automobile","11":"tag-eu","12":"tag-europe","13":"tag-fr","14":"tag-france","15":"tag-hauts-de-france","16":"tag-lille","17":"tag-news","18":"tag-republique-francaise","19":"tag-societe","20":"tag-urbanisme"},"share_on_mastodon":{"url":"https:\/\/pubeurope.com\/@fr\/115341625382114881","error":""},"_links":{"self":[{"href":"https:\/\/www.europesays.com\/fr\/wp-json\/wp\/v2\/posts\/448861","targetHints":{"allow":["GET"]}}],"collection":[{"href":"https:\/\/www.europesays.com\/fr\/wp-json\/wp\/v2\/posts"}],"about":[{"href":"https:\/\/www.europesays.com\/fr\/wp-json\/wp\/v2\/types\/post"}],"author":[{"embeddable":true,"href":"https:\/\/www.europesays.com\/fr\/wp-json\/wp\/v2\/users\/2"}],"replies":[{"embeddable":true,"href":"https:\/\/www.europesays.com\/fr\/wp-json\/wp\/v2\/comments?post=448861"}],"version-history":[{"count":0,"href":"https:\/\/www.europesays.com\/fr\/wp-json\/wp\/v2\/posts\/448861\/revisions"}],"wp:featuredmedia":[{"embeddable":true,"href":"https:\/\/www.europesays.com\/fr\/wp-json\/wp\/v2\/media\/448862"}],"wp:attachment":[{"href":"https:\/\/www.europesays.com\/fr\/wp-json\/wp\/v2\/media?parent=448861"}],"wp:term":[{"taxonomy":"category","embeddable":true,"href":"https:\/\/www.europesays.com\/fr\/wp-json\/wp\/v2\/categories?post=448861"},{"taxonomy":"post_tag","embeddable":true,"href":"https:\/\/www.europesays.com\/fr\/wp-json\/wp\/v2\/tags?post=448861"}],"curies":[{"name":"wp","href":"https:\/\/api.w.org\/{rel}","templated":true}]}}