{"id":448863,"date":"2025-10-09T01:31:13","date_gmt":"2025-10-09T01:31:13","guid":{"rendered":"https:\/\/www.europesays.com\/fr\/448863\/"},"modified":"2025-10-09T01:31:13","modified_gmt":"2025-10-09T01:31:13","slug":"marseille-ces-deux-calanques-fermees-durgence-et-jusqua-nouvel-ordre-voici-pourquoi","status":"publish","type":"post","link":"https:\/\/www.europesays.com\/fr\/448863\/","title":{"rendered":"Marseille. Ces deux calanques ferm\u00e9es d&rsquo;urgence et \u00ab\u00a0jusqu&rsquo;\u00e0 nouvel ordre\u00a0\u00bb, voici pourquoi"},"content":{"rendered":"<p>            Par<br \/>\n        <strong><br \/>\n            <a href=\"https:\/\/actu.fr\/auteur\/thibault-nadal-actu-fr\" title=\"Consulter tous les articles de Thibault Nadal\" target=\"_blank\" rel=\"noopener\">Thibault Nadal<\/a><br \/>\n        <\/strong><\/p>\n<p>        Publi\u00e9 le<\/p>\n<p>            8 oct. 2025 \u00e0 15h05        <\/p>\n<p>Les Marseillais et les touristes encore pr\u00e9sents sur <a href=\"https:\/\/actu.fr\/marseille\/\" target=\"_blank\" rel=\"noopener\">Marseille<\/a> vont devoir prendre leur mal en patience. Ce mercredi 8\u00a0octobre 2025, <a href=\"https:\/\/www.calanques-parcnational.fr\/fr\/actualites\/mise-jour-chute-de-blocs-interdiction-dacces-aux-calanques-de-sugiton-et-des-pierres?fbclid=IwY2xjawNTO2VleHRuA2FlbQIxMABicmlkETF4djZQcmVPSlJPRkI3c2xnAR5cKjCQQzBbFs58sttM-ek6C-jtSp0K-_Bf3vE-pPvoDBq0k1Bk6Mh9SrohWw_aem_D0dtNK1AcbwU39ktj6jg-A\" target=\"_blank\" rel=\"noopener\">le site<\/a> du <a href=\"https:\/\/actu.fr\/tag\/calanques\" target=\"_blank\" rel=\"noopener\">Parc national des Calanques<\/a> indique que <strong>les acc\u00e8s \u00e0 Sugiton et Pierres Tomb\u00e9es<\/strong> sont ferm\u00e9s \u00ab\u2009jusqu\u2019\u00e0 nouvel ordre\u2009\u00bb.<\/p>\n<p class=\" wall-content\">Voici pourquoi.<\/p>\n<p>\u00ab\u2009Une chute de blocs\u2009\u00bb<\/p>\n<p class=\" wall-content\">L\u2019information est tomb\u00e9e ce mardi 7\u00a0octobre 2025. Les calanques de Sugiton et des Pierres Tomb\u00e9es sont inaccessibles en raison d\u2019un incident majeur. \u00ab\u2009<strong>Une chute de blocs<\/strong> a \u00e9t\u00e9 constat\u00e9e mercredi 1er\u00a0octobre 2025, au pied d\u2019une falaise longeant un sentier conduisant aux calanques de Sugiton et des Pierres Tomb\u00e9es\u2009\u00bb.<\/p>\n<p class=\" wall-content\">Apr\u00e8s ces premi\u00e8res constatations, la d\u00e9cision avait \u00e9t\u00e9 prise de fermer certains acc\u00e8s depuis une semaine, sans interdire l\u2019acc\u00e8s aux calanques. Mais ce mardi 7\u00a0octobre, \u00ab\u2009le premier diagnostic g\u00e9otechnique effectu\u00e9 \u00e0 la demande de la Ville de Marseille impose la fermeture jusqu\u2019\u00e0 nouvel ordre de l\u2019ensemble de Calanque de Sugiton et de l\u2019acc\u00e8s \u00e0 la Calanque des Pierres tomb\u00e9es\u2009\u00bb, peut-on lire sur le site.<\/p>\n<p class=\" wall-content\"><strong>D\u2019autres expertises<\/strong> vont \u00eatre men\u00e9es dans les prochains jours pour permettre une r\u00e9ouverture des deux sites.<\/p>\n<p class=\" wall-content\">Personnalisez votre actualit\u00e9 en ajoutant vos villes et m\u00e9dias en favori avec <a href=\"https:\/\/moncompte.actu.fr\" title=\"D\u00e9couvez Mon Actu\" rel=\"nofollow noopener\" data-trk=\"{&quot;cta&quot;:{&quot;action&quot;:&quot;https:\\\/\\\/moncompte.actu.fr&quot;,&quot;category&quot;:&quot;mon compte&quot;,&quot;from&quot;:&quot;article footer&quot;,&quot;name&quot;:&quot;Mon actu&quot;,&quot;type&quot;:&quot;cta&quot;}}\" target=\"_blank\">Mon Actu<\/a>.<\/p>\n","protected":false},"excerpt":{"rendered":"Par Thibault Nadal Publi\u00e9 le 8 oct. 2025 \u00e0 15h05 Les Marseillais et les touristes encore pr\u00e9sents sur&hellip;\n","protected":false},"author":2,"featured_media":448864,"comment_status":"","ping_status":"","sticky":false,"template":"","format":"standard","meta":{"footnotes":""},"categories":[2814],"tags":[1111,11,1777,674,1011,27,884,12,9927,882,25,104],"class_list":{"0":"post-448863","1":"post","2":"type-post","3":"status-publish","4":"format-standard","5":"has-post-thumbnail","7":"category-marseille","8":"tag-actu","9":"tag-actualites","10":"tag-eu","11":"tag-europe","12":"tag-fr","13":"tag-france","14":"tag-marseille","15":"tag-news","16":"tag-parc-des-calanques","17":"tag-provence-alpes-cote-dazur","18":"tag-republique-francaise","19":"tag-societe"},"share_on_mastodon":{"url":"https:\/\/pubeurope.com\/@fr\/115341628796939708","error":""},"_links":{"self":[{"href":"https:\/\/www.europesays.com\/fr\/wp-json\/wp\/v2\/posts\/448863","targetHints":{"allow":["GET"]}}],"collection":[{"href":"https:\/\/www.europesays.com\/fr\/wp-json\/wp\/v2\/posts"}],"about":[{"href":"https:\/\/www.europesays.com\/fr\/wp-json\/wp\/v2\/types\/post"}],"author":[{"embeddable":true,"href":"https:\/\/www.europesays.com\/fr\/wp-json\/wp\/v2\/users\/2"}],"replies":[{"embeddable":true,"href":"https:\/\/www.europesays.com\/fr\/wp-json\/wp\/v2\/comments?post=448863"}],"version-history":[{"count":0,"href":"https:\/\/www.europesays.com\/fr\/wp-json\/wp\/v2\/posts\/448863\/revisions"}],"wp:featuredmedia":[{"embeddable":true,"href":"https:\/\/www.europesays.com\/fr\/wp-json\/wp\/v2\/media\/448864"}],"wp:attachment":[{"href":"https:\/\/www.europesays.com\/fr\/wp-json\/wp\/v2\/media?parent=448863"}],"wp:term":[{"taxonomy":"category","embeddable":true,"href":"https:\/\/www.europesays.com\/fr\/wp-json\/wp\/v2\/categories?post=448863"},{"taxonomy":"post_tag","embeddable":true,"href":"https:\/\/www.europesays.com\/fr\/wp-json\/wp\/v2\/tags?post=448863"}],"curies":[{"name":"wp","href":"https:\/\/api.w.org\/{rel}","templated":true}]}}