{"id":448865,"date":"2025-10-09T01:32:16","date_gmt":"2025-10-09T01:32:16","guid":{"rendered":"https:\/\/www.europesays.com\/fr\/448865\/"},"modified":"2025-10-09T01:32:16","modified_gmt":"2025-10-09T01:32:16","slug":"ils-voulaient-inonder-le-marche-avec-la-drogue-du-pauvre-ces-trafiquants-internationaux-condamnes-a-marseille","status":"publish","type":"post","link":"https:\/\/www.europesays.com\/fr\/448865\/","title":{"rendered":"Ils voulaient \u00ab\u00a0inonder le march\u00e9\u00a0\u00bb avec la \u00ab\u00a0drogue du pauvre\u00a0\u00bb\u00a0: ces trafiquants internationaux condamn\u00e9s \u00e0 Marseille"},"content":{"rendered":"<p class=\"paragraph text_align_left lp-f-body-02\">De la Gr\u00e8ce au march\u00e9 noir fran\u00e7ais via Marseille pour alimenter des toxicomanes d\u00e9tournant un m\u00e9dicament comme euphorisant\u2026 Pour la plupart inconnus de la justice, les membres pr\u00e9sum\u00e9s d\u2019un r\u00e9seau bas\u00e9 \u00e0 Marseille ont comparu ce mercredi 8 octobre, accus\u00e9s d\u2019avoir import\u00e9 massivement, depuis 2022 et en contrebande, des milliers de cachets de <a href=\"https:\/\/www.leparisien.fr\/societe\/sante\/quest-ce-que-la-pregabaline-ce-medicament-surnomme-la-drogue-du-pauvre-25-04-2024-LO3BK7SGZVAHXHLLXR6C6IXCLQ.php\" target=\"_blank\" rel=\"noreferrer nofollow noopener\">pr\u00e9gabaline<\/a>, un anxiolytique d\u00e9couvert en 1990 connu sous le nom commercial de Lyrica et utilis\u00e9 notamment pour le traitement de l\u2019\u00e9pilepsie. Mais d\u00e9tourn\u00e9 de son usage habituel en dangereuse \u00ab drogue du pauvre \u00bb.<\/p>\n<p class=\"paragraph text_align_left lp-f-body-02\">Interpell\u00e9s en avril 2024, les six membres pr\u00e9sum\u00e9s du r\u00e9seau, \u00e2g\u00e9s de 25 \u00e0 32 ans, jug\u00e9s devant le tribunal correctionnel de Marseille sont soup\u00e7onn\u00e9s d\u2019avoir fait entrer en France des centaines de milliers de cachets, convoy\u00e9s par avion depuis Ath\u00e8nes par des passeurs ou envoy\u00e9s par colis postaux via La Poste ou DHL en utilisant des faux noms. De la prison ferme et cinq ans d\u2019interdiction du territoire fran\u00e7ais ont \u00e9t\u00e9 requis \u00e0 leur encontre.<\/p>\n","protected":false},"excerpt":{"rendered":"De la Gr\u00e8ce au march\u00e9 noir fran\u00e7ais via Marseille pour alimenter des toxicomanes d\u00e9tournant un m\u00e9dicament comme euphorisant\u2026&hellip;\n","protected":false},"author":2,"featured_media":448866,"comment_status":"","ping_status":"","sticky":false,"template":"","format":"standard","meta":{"footnotes":""},"categories":[2814],"tags":[1111,11,459,1777,674,118,1011,27,884,12,882,25],"class_list":{"0":"post-448865","1":"post","2":"type-post","3":"status-publish","4":"format-standard","5":"has-post-thumbnail","7":"category-marseille","8":"tag-actu","9":"tag-actualites","10":"tag-departements-horsidfo","11":"tag-eu","12":"tag-europe","13":"tag-faits-divers","14":"tag-fr","15":"tag-france","16":"tag-marseille","17":"tag-news","18":"tag-provence-alpes-cote-dazur","19":"tag-republique-francaise"},"share_on_mastodon":{"url":"https:\/\/pubeurope.com\/@fr\/115341632799752673","error":""},"_links":{"self":[{"href":"https:\/\/www.europesays.com\/fr\/wp-json\/wp\/v2\/posts\/448865","targetHints":{"allow":["GET"]}}],"collection":[{"href":"https:\/\/www.europesays.com\/fr\/wp-json\/wp\/v2\/posts"}],"about":[{"href":"https:\/\/www.europesays.com\/fr\/wp-json\/wp\/v2\/types\/post"}],"author":[{"embeddable":true,"href":"https:\/\/www.europesays.com\/fr\/wp-json\/wp\/v2\/users\/2"}],"replies":[{"embeddable":true,"href":"https:\/\/www.europesays.com\/fr\/wp-json\/wp\/v2\/comments?post=448865"}],"version-history":[{"count":0,"href":"https:\/\/www.europesays.com\/fr\/wp-json\/wp\/v2\/posts\/448865\/revisions"}],"wp:featuredmedia":[{"embeddable":true,"href":"https:\/\/www.europesays.com\/fr\/wp-json\/wp\/v2\/media\/448866"}],"wp:attachment":[{"href":"https:\/\/www.europesays.com\/fr\/wp-json\/wp\/v2\/media?parent=448865"}],"wp:term":[{"taxonomy":"category","embeddable":true,"href":"https:\/\/www.europesays.com\/fr\/wp-json\/wp\/v2\/categories?post=448865"},{"taxonomy":"post_tag","embeddable":true,"href":"https:\/\/www.europesays.com\/fr\/wp-json\/wp\/v2\/tags?post=448865"}],"curies":[{"name":"wp","href":"https:\/\/api.w.org\/{rel}","templated":true}]}}