{"id":448871,"date":"2025-10-09T01:35:28","date_gmt":"2025-10-09T01:35:28","guid":{"rendered":"https:\/\/www.europesays.com\/fr\/448871\/"},"modified":"2025-10-09T01:35:28","modified_gmt":"2025-10-09T01:35:28","slug":"la-pollution-de-lair-en-ile-de-france-coute-environ-28-milliards-deuros-par-an-selon-airparif","status":"publish","type":"post","link":"https:\/\/www.europesays.com\/fr\/448871\/","title":{"rendered":"La pollution de l\u2019air en Ile-de-France\u00a0co\u00fbte environ 28\u00a0milliards d\u2019euros par an, selon Airparif"},"content":{"rendered":"<p>                         <img loading=\"lazy\" decoding=\"async\" src=\"https:\/\/www.europesays.com\/fr\/wp-content\/uploads\/2025\/10\/235eb9f_upload-1-1bsupcxmexua-000-1r31i7.jpg\" alt=\"Le ballon m\u00e9t\u00e9o d\u2019Airparif, l\u2019organisme charg\u00e9 de surveiller la qualit\u00e9 de l\u2019air en Ile-de-France, \u00e0 Paris, le 7\u00a0mai\u00a02020.\"   width=\"664\" height=\"443\"\/>    Le ballon m\u00e9t\u00e9o d\u2019Airparif, l\u2019organisme charg\u00e9 de surveiller la qualit\u00e9 de l\u2019air en Ile-de-France, \u00e0 Paris, le 7\u00a0mai\u00a02020.  JOEL SAGET\/AFP                 <\/p>\n<p class=\"article__paragraph  \">On connaissait d\u00e9j\u00e0 le co\u00fbt humain de la pollution de l\u2019air en Ile-de-France\u00a0: pr\u00e8s de 8\u00a0000 morts pr\u00e9matur\u00e9es pourraient \u00eatre \u00e9vit\u00e9es chaque ann\u00e9e si les recommandations de l\u2019Organisation mondiale de la sant\u00e9 en mati\u00e8re de qualit\u00e9 de l\u2019air \u00e9taient respect\u00e9es. Pour la premi\u00e8re fois, Airparif, organisme ind\u00e9pendant de surveillance de la qualit\u00e9 de l\u2019air dans la r\u00e9gion parisienne, a \u00e9galement calcul\u00e9 les impacts \u00e9conomiques de la mauvaise qualit\u00e9 de l\u2019air, <a href=\"https:\/\/www.airparif.fr\/sites\/default\/files\/Impacts%20%C3%A9conomiques%20de%20la%20pollution%20de%20l%E2%80%99air%20en%20IDF.pdf\" target=\"_blank\" rel=\"noopener nofollow\" title=\"Nouvelle fen\u00eatre\">dans une \u00e9tude in\u00e9dite publi\u00e9e vendredi 26\u00a0septembre<\/a>.<\/p>\n<p>   Lire plus tard  <\/p>\n<p class=\"article__paragraph  \">Ce co\u00fbt, estim\u00e9 \u00e0 28\u00a0milliards d\u2019euros par an, est tr\u00e8s largement li\u00e9 \u00e0 la mortalit\u00e9 pr\u00e9matur\u00e9e. A partir d\u2019une formule math\u00e9matique permettant d\u2019\u00ab\u00a0estimer la valeur \u00e9conomique d\u2019une vie\u00a0\u00bb, Airparif estime ainsi que 23\u00a0milliards d\u2019euros pourraient \u00eatre \u00e9conomis\u00e9s chaque ann\u00e9e s\u2019il n\u2019y avait aucune mort pr\u00e9coce li\u00e9e \u00e0 la pollution.<\/p>\n<p class=\"article__paragraph  \">S\u2019y ajoutent des co\u00fbts r\u00e9sultant des maladies chroniques caus\u00e9es par la pollution \u00ab\u00a0tels que les consultations m\u00e9dicales, les traitements, les hospitalisations, les besoins d\u2019accompagnement social, les am\u00e9nagements du domicile, les absences au travail, les retraites anticip\u00e9es, la baisse de la productivit\u00e9 au travail, et l\u2019acc\u00e8s \u00e0 l\u2019emploi plus difficile\u00a0\u00bb. Cela \u00ab\u00a0inclut \u00e9galement la perte de bien-\u00eatre et de la qualit\u00e9 de vie des personnes malades et de leur famille\u00a0\u00bb. Soit une r\u00e9percussion \u00e9conomique d\u2019environ 3\u00a0milliards d\u2019euros chaque ann\u00e9e.<\/p>\n<p class=\"reading-mode-only \"><strong>Il vous reste 65.99% de cet article \u00e0 lire. La suite est r\u00e9serv\u00e9e aux abonn\u00e9s.<\/strong><\/p>\n","protected":false},"excerpt":{"rendered":"Le ballon m\u00e9t\u00e9o d\u2019Airparif, l\u2019organisme charg\u00e9 de surveiller la qualit\u00e9 de l\u2019air en Ile-de-France, \u00e0 Paris, le 7\u00a0mai\u00a02020.&hellip;\n","protected":false},"author":2,"featured_media":448872,"comment_status":"","ping_status":"","sticky":false,"template":"","format":"standard","meta":{"footnotes":""},"categories":[1592],"tags":[1111,11,1777,674,1011,27,662,12,626,25],"class_list":{"0":"post-448871","1":"post","2":"type-post","3":"status-publish","4":"format-standard","5":"has-post-thumbnail","7":"category-ile-de-france","8":"tag-actu","9":"tag-actualites","10":"tag-eu","11":"tag-europe","12":"tag-fr","13":"tag-france","14":"tag-ile-de-france","15":"tag-news","16":"tag-paris","17":"tag-republique-francaise"},"share_on_mastodon":{"url":"https:\/\/pubeurope.com\/@fr\/115341644856832492","error":""},"_links":{"self":[{"href":"https:\/\/www.europesays.com\/fr\/wp-json\/wp\/v2\/posts\/448871","targetHints":{"allow":["GET"]}}],"collection":[{"href":"https:\/\/www.europesays.com\/fr\/wp-json\/wp\/v2\/posts"}],"about":[{"href":"https:\/\/www.europesays.com\/fr\/wp-json\/wp\/v2\/types\/post"}],"author":[{"embeddable":true,"href":"https:\/\/www.europesays.com\/fr\/wp-json\/wp\/v2\/users\/2"}],"replies":[{"embeddable":true,"href":"https:\/\/www.europesays.com\/fr\/wp-json\/wp\/v2\/comments?post=448871"}],"version-history":[{"count":0,"href":"https:\/\/www.europesays.com\/fr\/wp-json\/wp\/v2\/posts\/448871\/revisions"}],"wp:featuredmedia":[{"embeddable":true,"href":"https:\/\/www.europesays.com\/fr\/wp-json\/wp\/v2\/media\/448872"}],"wp:attachment":[{"href":"https:\/\/www.europesays.com\/fr\/wp-json\/wp\/v2\/media?parent=448871"}],"wp:term":[{"taxonomy":"category","embeddable":true,"href":"https:\/\/www.europesays.com\/fr\/wp-json\/wp\/v2\/categories?post=448871"},{"taxonomy":"post_tag","embeddable":true,"href":"https:\/\/www.europesays.com\/fr\/wp-json\/wp\/v2\/tags?post=448871"}],"curies":[{"name":"wp","href":"https:\/\/api.w.org\/{rel}","templated":true}]}}