{"id":448873,"date":"2025-10-09T01:36:21","date_gmt":"2025-10-09T01:36:21","guid":{"rendered":"https:\/\/www.europesays.com\/fr\/448873\/"},"modified":"2025-10-09T01:36:21","modified_gmt":"2025-10-09T01:36:21","slug":"linserm-en-ile-de-france-partenaire-du-festival-pariscience-2025-%c2%b7-inserm-la-science-pour-la-sante","status":"publish","type":"post","link":"https:\/\/www.europesays.com\/fr\/448873\/","title":{"rendered":"L\u2019Inserm en \u00cele-de-France partenaire du festival Pariscience 2025 \u00b7 Inserm, La science pour la sant\u00e9"},"content":{"rendered":"<p><strong>Le p\u00f4le communication de l\u2019Inserm en \u00cele-de-France est \u00e0 nouveau partenaire du festival Pariscience, qui se tiendra du 23 au 27 octobre 2025 pour sa 21e \u00e9dition. Ce rendez-vous incontournable des passionn\u00e9s de science et de cin\u00e9ma propose une riche programmation, invitant le public \u00e0 explorer les grands enjeux scientifiques contemporains \u00e0 travers le cin\u00e9ma.<\/strong><\/p>\n<p>Le festival Pariscience<\/p>\n<p>Depuis sa cr\u00e9ation, Pariscience s\u2019impose comme l\u2019un des principaux festivals de films scientifiques en France. Il offre une plateforme unique de diffusion de films et documentaires de haute qualit\u00e9, accessibles \u00e0 tous les publics, du grand public aux scolaires, en passant par les chercheurs et les professionnels de l\u2019audiovisuel.<br \/>Cette \u00e9dition 2025 promet une nouvelle immersion dans les d\u00e9bats de soci\u00e9t\u00e9 et les d\u00e9couvertes scientifiques qui fa\u00e7onnent notre monde\u00a0: sant\u00e9, environnement, innovations technologiques, et bien plus encore.<\/p>\n<p>La programmation Inserm<\/p>\n<p class=\"has-primary-color has-text-color has-link-color wp-elements-b6db69664b9862d09100484e88bba02f\"><strong>Samedi 25 octobre<\/strong><\/p>\n<p class=\"has-secondary-background-color has-background\">SPILLOVER \u2013 Combattre les pand\u00e9mies futures<br \/><strong>Horaire\u00a0:<\/strong> 10h30 \u00e0 12h30<br \/><strong>Lieu\u00a0:<\/strong> Amphith\u00e9\u00e2tre Verniquet du Mus\u00e9um national d\u2019Histoire naturelle (Paris 5e)<\/p>\n<p>Ebola, les virus de Marburg et Nipah, le COVID-19, la grippe aviaire\u2026 La liste des virus mortels qui passent des animaux aux humains ne cesse de s\u2019allonger. Bien que nous coexistions avec ces pathog\u00e8nes depuis bien longtemps, ces contagions, \u201cspillovers\u201d, deviennent de plus en plus fr\u00e9quentes. En quoi nos actions jouent un r\u00f4le dans le d\u00e9clenchement de ces \u00e9pid\u00e9mies\u00a0?<br \/>En pr\u00e9sence de <strong>Eugenio Valdano<\/strong>, charg\u00e9 de recherche Inserm \u00e0 l\u2019Institut Pierre Louis d\u2019\u00c9pid\u00e9miologie et de sant\u00e9 publique (unit\u00e9 1136 Inserm \/ Sorbonne Universit\u00e9). <\/p>\n<p><a href=\"https:\/\/pariscience.fr\/seance\/spillover-combattre-les-pandemies-futures\/\" data-type=\"link\" data-id=\"https:\/\/pariscience.fr\/seance\/spillover-combattre-les-pandemies-futures\/\" data-wpel-link=\"external\" target=\"_self\" rel=\"nofollow external noopener\" title=\"En savoir plus (lien externe)\" class=\"wpel-icon-right\"><strong>En savoir plus<\/strong><\/a><br \/><a href=\"https:\/\/www.billetweb.fr\/festival-pariscience-2025\" data-type=\"link\" data-id=\"https:\/\/www.billetweb.fr\/festival-pariscience-2025\" data-wpel-link=\"external\" target=\"_self\" rel=\"nofollow external noopener\" title=\"Inscription gratuite mais obligatoire (lien externe)\" class=\"wpel-icon-right\"><strong>Inscription gratuite mais obligatoire<\/strong><\/a><\/p>\n<p>Informations pratiques<\/p>\n<p class=\"has-light-gray-background-color has-background\"><strong>Dates\u00a0:<\/strong> du 23 au 27 octobre 2025<br \/><strong>Lieu :<\/strong> Le Mus\u00e9um National d\u2019Histoire Naturelle et<strong>\u00a0<\/strong>l\u2019Institut de Physique du Globe de Paris<\/p>\n<p><strong>Comment venir\u00a0?<\/strong> <br \/>Lignes de m\u00e9tro 5, 7 ou 10 ou RER C<br \/>Stations\u00a0: Jussieu, Censier Daubenton, Gare d\u2019Austerlitz.<\/p>\n<p><strong>En partenariat avec Pariscience<\/strong><\/p>\n<p><a href=\"https:\/\/pariscience.fr\/programme\/\" data-type=\"link\" data-id=\"https:\/\/pariscience.fr\/programme\/\" data-wpel-link=\"external\" target=\"_self\" rel=\"nofollow external noopener\" title=\"Programme disponible (lien externe)\" class=\"wpel-icon-right\">Programme disponible<\/a><\/p>\n","protected":false},"excerpt":{"rendered":"Le p\u00f4le communication de l\u2019Inserm en \u00cele-de-France est \u00e0 nouveau partenaire du festival Pariscience, qui se tiendra du&hellip;\n","protected":false},"author":2,"featured_media":448874,"comment_status":"","ping_status":"","sticky":false,"template":"","format":"standard","meta":{"footnotes":""},"categories":[1592],"tags":[1111,11,1777,674,1011,27,662,12,626,25],"class_list":{"0":"post-448873","1":"post","2":"type-post","3":"status-publish","4":"format-standard","5":"has-post-thumbnail","7":"category-ile-de-france","8":"tag-actu","9":"tag-actualites","10":"tag-eu","11":"tag-europe","12":"tag-fr","13":"tag-france","14":"tag-ile-de-france","15":"tag-news","16":"tag-paris","17":"tag-republique-francaise"},"share_on_mastodon":{"url":"https:\/\/pubeurope.com\/@fr\/115341648592912382","error":""},"_links":{"self":[{"href":"https:\/\/www.europesays.com\/fr\/wp-json\/wp\/v2\/posts\/448873","targetHints":{"allow":["GET"]}}],"collection":[{"href":"https:\/\/www.europesays.com\/fr\/wp-json\/wp\/v2\/posts"}],"about":[{"href":"https:\/\/www.europesays.com\/fr\/wp-json\/wp\/v2\/types\/post"}],"author":[{"embeddable":true,"href":"https:\/\/www.europesays.com\/fr\/wp-json\/wp\/v2\/users\/2"}],"replies":[{"embeddable":true,"href":"https:\/\/www.europesays.com\/fr\/wp-json\/wp\/v2\/comments?post=448873"}],"version-history":[{"count":0,"href":"https:\/\/www.europesays.com\/fr\/wp-json\/wp\/v2\/posts\/448873\/revisions"}],"wp:featuredmedia":[{"embeddable":true,"href":"https:\/\/www.europesays.com\/fr\/wp-json\/wp\/v2\/media\/448874"}],"wp:attachment":[{"href":"https:\/\/www.europesays.com\/fr\/wp-json\/wp\/v2\/media?parent=448873"}],"wp:term":[{"taxonomy":"category","embeddable":true,"href":"https:\/\/www.europesays.com\/fr\/wp-json\/wp\/v2\/categories?post=448873"},{"taxonomy":"post_tag","embeddable":true,"href":"https:\/\/www.europesays.com\/fr\/wp-json\/wp\/v2\/tags?post=448873"}],"curies":[{"name":"wp","href":"https:\/\/api.w.org\/{rel}","templated":true}]}}