{"id":448875,"date":"2025-10-09T01:37:12","date_gmt":"2025-10-09T01:37:12","guid":{"rendered":"https:\/\/www.europesays.com\/fr\/448875\/"},"modified":"2025-10-09T01:37:12","modified_gmt":"2025-10-09T01:37:12","slug":"le-parlement-restreint-les-pouvoirs-de-javier-milei-sur-les-decrets-lois","status":"publish","type":"post","link":"https:\/\/www.europesays.com\/fr\/448875\/","title":{"rendered":"le Parlement restreint les pouvoirs de Javier Milei sur les d\u00e9crets-lois"},"content":{"rendered":"<p>                          <img loading=\"lazy\" decoding=\"async\" src=\"https:\/\/www.europesays.com\/fr\/wp-content\/uploads\/2025\/10\/ea7c0f6_ftp-import-images-1-iiz0ggpo2t3g-5116586-01-06.jpg\" alt=\"Une manifestante devant le Congr\u00e8s de la nation argentine, \u00e0 Buenos Aires, le 20\u00a0ao\u00fbt 2025.\"   width=\"664\" height=\"443\"\/>    Une manifestante devant le Congr\u00e8s de la nation argentine, \u00e0 Buenos Aires, le 20\u00a0ao\u00fbt 2025.  LUIS ROBAYO\/AFP                          <\/p>\n<p class=\"article__paragraph  \">Le Parlement argentin a une nouvelle fois d\u00e9fi\u00e9 le pr\u00e9sident ultralib\u00e9ral Javier Milei, rognant un peu sur ses pouvoirs, en votant, mercredi 8\u00a0octobre, \u00e0 une large majorit\u00e9 une restriction de l\u2019usage des d\u00e9crets-lois, un outil maintes fois employ\u00e9 par le chef de l\u2019Etat en vingt-deux mois au pouvoir.<\/p>\n<p class=\"article__paragraph  \">Le camouflet, venant apr\u00e8s d\u00e9j\u00e0 plusieurs \u00e9checs ces derniers mois du pr\u00e9sident sur des textes ou veto, souligne les difficult\u00e9s croissantes de Javier Milei pour gouverner, face \u00e0 un Parlement o\u00f9 il est minoritaire, et qui est de plus en plus enclin au bras de fer.<\/p>\n<p class=\"article__paragraph  \">La d\u00e9convenue souligne, aussi, le caract\u00e8re critique pour lui d\u2019\u00e9lections l\u00e9gislatives de mi-mandat tr\u00e8s incertaines, le 26\u00a0octobre, afin d\u2019accro\u00eetre sa base parlementaire et d\u2019asseoir sa capacit\u00e9 \u00e0 gouverner. L\u2019\u00e9ch\u00e9ance rend d\u00e9j\u00e0 les march\u00e9s financiers nerveux, pressions r\u00e9p\u00e9t\u00e9es sur le peso argentin \u00e0 la cl\u00e9.<\/p>\n<p>                                       Lire aussi |  Article r\u00e9serv\u00e9 \u00e0 nos abonn\u00e9s  <a href=\"https:\/\/www.lemonde.fr\/economie\/article\/2025\/09\/24\/argentine-le-gouvernement-cherche-des-dollars-de-toutes-parts_6642780_3234.html\" class=\"js-article-read-also catcher--favoris__link\" data-premium=\"1\" id=\"article-title-3439304\" rel=\"nofollow noopener\" target=\"_blank\">Argentine\u00a0: le gouvernement cherche des dollars de toutes parts<\/a>    <\/p>\n<p>   Lire plus tard  <\/p>\n<p class=\"article__paragraph  \">Dans ce contexte, le Tr\u00e9sor am\u00e9ricain \u2013 les Etats-Unis de Donald Trump sont un alli\u00e9 id\u00e9ologique de M. Milei \u2013 a d\u00fb voler au secours de l\u2019Argentine, en septembre, se disant \u00ab\u00a0pr\u00eat \u00e0\u00a0faire le n\u00e9cessaire\u00a0\u00bb en termes de soutien financier en faveur de la troisi\u00e8me \u00e9conomie d\u2019Am\u00e9rique du Sud. Une aide qu\u2019il reste toutefois \u00e0 d\u00e9finir, et \u00e0 concr\u00e9tiser. Javier Milei doit \u00eatre re\u00e7u \u00e0 la Maison Blanche le 14\u00a0octobre.<\/p>\n<p>                    Quelque soixante-dix recours \u00e0 des d\u00e9crets-lois                    <\/p>\n<p class=\"article__paragraph  \">Mercredi, la Chambre des d\u00e9put\u00e9s, dans les pas du S\u00e9nat argentin le mois dernier, a approuv\u00e9 largement (140 voix pour, 80 contre parmi les pr\u00e9sents) un texte qui restreint face au Parlement la force d\u2019un \u00ab\u00a0DNU\u00a0\u00bb, un \u00ab\u00a0d\u00e9cret de n\u00e9cessit\u00e9 et d\u2019urgence\u00a0\u00bb, autrement dit \u00e0 force de loi. Il n\u00e9cessiterait d\u00e9sormais le rejet d\u2019une seule Chambre, et non plus des deux, pour devenir caduc. Toutefois, pour un article qui n\u2019a pas obtenu la majorit\u00e9 des d\u00e9put\u00e9s, le texte devra repasser au S\u00e9nat, o\u00f9 son issue ne fait gu\u00e8re de doute\u00a0: le parti de M.\u00a0Milei y est encore plus minoritaire qu\u2019\u00e0 la chambre basse du Parlement.<\/p>\n<p>                                       Lire aussi |  Article r\u00e9serv\u00e9 \u00e0 nos abonn\u00e9s  <a href=\"https:\/\/www.lemonde.fr\/international\/article\/2025\/10\/03\/en-argentine-javier-milei-enchaine-les-revers-avant-les-elections-legislatives-de-mi-mandat_6644305_3210.html\" class=\"js-article-read-also catcher--favoris__link\" data-premium=\"1\" id=\"article-title-3440709\" rel=\"nofollow noopener\" target=\"_blank\">En Argentine, Javier Milei encha\u00eene les revers avant les \u00e9lections l\u00e9gislatives de\u00a0mi-mandat<\/a>    <\/p>\n<p>   Lire plus tard  <\/p>\n<p class=\"article__paragraph  \">Javier Milei, large vainqueur de la pr\u00e9sidentielle de 2023 sur une formule d\u00e9gagiste contre la \u00ab\u00a0caste politique\u00a0\u00bb et la promesse d\u2019une th\u00e9rapie de choc d\u2019aust\u00e9rit\u00e9 budg\u00e9taire, ne dispose que de quarante d\u00e9put\u00e9s ou alli\u00e9s sur 257, ce qui l\u2019a contraint \u00e0 des alliances ad hoc pour faire adopter des r\u00e9formes.<\/p>\n<p class=\"article__paragraph  \">Pour tenter de contourner ce Parlement r\u00e9ticent, il a ainsi recouru \u00e0 plus de soixante-dix reprises aux DNU, un outil inscrit dans la Constitution depuis 1994 et qui a aussi \u00e9t\u00e9 utilis\u00e9 par quasiment tous ses pr\u00e9d\u00e9cesseurs.<\/p>\n<p class=\"article__paragraph  \">En d\u00e9cembre\u00a02023, \u00e0 peine dix jours apr\u00e8s son investiture, Javier Milei avait sign\u00e9 un DNU pharaonique, posant le cadre d\u2019une d\u00e9r\u00e9gulation massive de l\u2019\u00e9conomie. Ce \u00ab\u00a0m\u00e9ga-d\u00e9cret\u00a0\u00bb, comme il avait \u00e9t\u00e9 surnomm\u00e9, modifiait ou abrogeait plus de 300 r\u00e8gles et normes dans des sph\u00e8res vari\u00e9es telles que le travail, l\u2019encadrement des prix et des loyers, la concurrence, les privatisations, les m\u00e9dicaments, le foncier, entre autres.<\/p>\n<p>                    \u00ab\u00a0Frein\u00a0\u00bb                    <\/p>\n<p class=\"article__paragraph  \">\u00ab\u00a0Plus que l\u2019instrument [du DNU], le probl\u00e8me est comment il a \u00e9t\u00e9 utilis\u00e9\u00a0\u00bb par l\u2019ex\u00e9cutif, a\u00a0d\u00e9nonc\u00e9, mercredi lors du d\u00e9bat, pour l\u2019opposition p\u00e9roniste (centre gauche), la d\u00e9put\u00e9e Monica Litza. \u00ab\u00a0Si on n\u2019y met pas un frein, \u00e7a [l\u2019utilisation de ces d\u00e9crets] continuera sur le mode allons-y gaiement, soit un \u00e9tat d\u2019exception permanente\u00a0\u00bb, a pour sa part plaid\u00e9 Maximiliano Ferraro, de l\u2019opposition de centre droit. D\u00e9put\u00e9 mil\u00e9iste, Nicolas Mayoraz a de son c\u00f4t\u00e9 accus\u00e9 l\u2019opposition de vouloir \u00ab\u00a0d\u00e9stabiliser\u00a0\u00bb l\u2019ex\u00e9cutif en instaurant un \u00ab\u00a0gouvernement du Parlement, une sorte de d\u00e9mocratie parlementaire\u00a0\u00bb.<\/p>\n<p>                                       Lire aussi |  Article r\u00e9serv\u00e9 \u00e0 nos abonn\u00e9s  <a href=\"https:\/\/www.lemonde.fr\/international\/article\/2025\/07\/24\/en-argentine-a-trois-mois-des-legislatives-javier-milei-pris-dans-une-crise-de-gouvernance_6623431_3210.html\" class=\"js-article-read-also catcher--favoris__link\" data-premium=\"1\" id=\"article-title-3432409\" rel=\"nofollow noopener\" target=\"_blank\">En Argentine, Javier Milei pris dans une crise de gouvernance, \u00e0 trois mois des l\u00e9gislatives<\/a>    <\/p>\n<p>   Lire plus tard  <\/p>\n<p class=\"article__paragraph  \">\u00ab\u00a0L\u2019esprit des DNU est d\u2019offrir un outil capable de modifier les r\u00e8gles du jeu, pour r\u00e9pondre \u00e0 des situations \u00e0 fort impact, qui exigent des r\u00e9ponses imm\u00e9diates\u00a0\u00bb, analysait r\u00e9cemment Leandro Dominguez, politologue du Directoire l\u00e9gislatif, un think tank parlementaire.<\/p>\n<p> Le Monde M\u00e9morable  <\/p>\n<p> <a href=\"https:\/\/www.lemonde.fr\/memorable\/?rfextension=inread\" class=\"inread__link js-services-inread-link\" target=\"_blank\" rel=\"nofollow noopener\">  <\/p>\n<p>Testez votre culture g\u00e9n\u00e9rale avec la r\u00e9daction du \u00ab Monde \u00bb<\/p>\n<p>Testez votre culture g\u00e9n\u00e9rale avec la r\u00e9daction du \u00ab Monde \u00bb<\/p>\n<p>D\u00e9couvrir<\/p>\n<p> <\/a>      <\/p>\n<p> Newsletter  <\/p>\n<p> <a href=\"https:\/\/www.lemonde.fr\/newsletters\/a-la-une\/\" class=\"inread__link js-services-inread-link\" target=\"_blank\" rel=\"nofollow noopener\">  <\/p>\n<p>\u00ab A la une \u00bb<\/p>\n<p>Chaque matin, parcourez l&rsquo;essentiel de l&rsquo;actualit\u00e9 du jour avec les derniers titres du \u00ab Monde \u00bb<\/p>\n<p>S&rsquo;inscrire<\/p>\n<p> <\/a>          <\/p>\n<p> Le Monde Application  <\/p>\n<p> <a href=\"https:\/\/lamatinale.onelink.me\/gKMy\/ahw2ubr3\" class=\"inread__link js-services-inread-link\" target=\"_blank\" rel=\"nofollow noopener\">  <\/p>\n<p>La Matinale du Monde<\/p>\n<p>Chaque matin, retrouvez notre s\u00e9lection de 20 articles \u00e0 ne pas manquer <\/p>\n<p>T\u00e9l\u00e9charger l&rsquo;application<\/p>\n<p> <\/a>      <\/p>\n<p> Newsletter abonn\u00e9s  <\/p>\n<p> <a href=\"https:\/\/www.lemonde.fr\/newsletters\/international\/\" class=\"inread__link js-services-inread-link\" target=\"_blank\" rel=\"nofollow noopener\">  <\/p>\n<p>\u00ab International \u00bb<\/p>\n<p>L\u2019essentiel de l\u2019actualit\u00e9 internationale de la semaine<\/p>\n<p>S&rsquo;inscrire<\/p>\n<p> <\/a>             <\/p>\n<p class=\"article__paragraph  \">La pand\u00e9mie de Covid-19, par exemple, avait donn\u00e9 lieu \u00e0 de nombreux DNU li\u00e9s \u00e0 l\u2019urgence sanitaire. Mais ce caract\u00e8re d\u2019urgence, pour certaines dispositions des DNU de M.\u00a0Milei, est pr\u00e9cis\u00e9ment ce qui a \u00e9t\u00e9 contest\u00e9 \u00e0 la fois politiquement et en justice par des opposants au pr\u00e9sident, dont des syndicats, parfois avec succ\u00e8s. Et \u00e0 pr\u00e9sent par le Parlement lui-m\u00eame.<\/p>\n<p class=\"author__detail\">  Le Monde avec AFP  <\/p>\n<p>                  <a href=\"https:\/\/www.lemonde.fr\/syndication\/\" class=\"reuse__content\" title=\"R\u00e9utiliser ce contenu\" target=\"_blank\" rel=\"nofollow noopener\">R\u00e9utiliser ce contenu<\/a>      <\/p>\n","protected":false},"excerpt":{"rendered":"Une manifestante devant le Congr\u00e8s de la nation argentine, \u00e0 Buenos Aires, le 20\u00a0ao\u00fbt 2025. LUIS ROBAYO\/AFP Le&hellip;\n","protected":false},"author":2,"featured_media":448876,"comment_status":"","ping_status":"","sticky":false,"template":"","format":"standard","meta":{"footnotes":""},"categories":[1888],"tags":[1111,1928,11,1927,1777,674,1011,27,12,1926,626,1925,25],"class_list":{"0":"post-448875","1":"post","2":"type-post","3":"status-publish","4":"format-standard","5":"has-post-thumbnail","7":"category-paris","8":"tag-actu","9":"tag-actu-paris","10":"tag-actualites","11":"tag-actualites-paris","12":"tag-eu","13":"tag-europe","14":"tag-fr","15":"tag-france","16":"tag-news","17":"tag-news-paris","18":"tag-paris","19":"tag-paris-news","20":"tag-republique-francaise"},"share_on_mastodon":{"url":"https:\/\/pubeurope.com\/@fr\/115341652430908600","error":""},"_links":{"self":[{"href":"https:\/\/www.europesays.com\/fr\/wp-json\/wp\/v2\/posts\/448875","targetHints":{"allow":["GET"]}}],"collection":[{"href":"https:\/\/www.europesays.com\/fr\/wp-json\/wp\/v2\/posts"}],"about":[{"href":"https:\/\/www.europesays.com\/fr\/wp-json\/wp\/v2\/types\/post"}],"author":[{"embeddable":true,"href":"https:\/\/www.europesays.com\/fr\/wp-json\/wp\/v2\/users\/2"}],"replies":[{"embeddable":true,"href":"https:\/\/www.europesays.com\/fr\/wp-json\/wp\/v2\/comments?post=448875"}],"version-history":[{"count":0,"href":"https:\/\/www.europesays.com\/fr\/wp-json\/wp\/v2\/posts\/448875\/revisions"}],"wp:featuredmedia":[{"embeddable":true,"href":"https:\/\/www.europesays.com\/fr\/wp-json\/wp\/v2\/media\/448876"}],"wp:attachment":[{"href":"https:\/\/www.europesays.com\/fr\/wp-json\/wp\/v2\/media?parent=448875"}],"wp:term":[{"taxonomy":"category","embeddable":true,"href":"https:\/\/www.europesays.com\/fr\/wp-json\/wp\/v2\/categories?post=448875"},{"taxonomy":"post_tag","embeddable":true,"href":"https:\/\/www.europesays.com\/fr\/wp-json\/wp\/v2\/tags?post=448875"}],"curies":[{"name":"wp","href":"https:\/\/api.w.org\/{rel}","templated":true}]}}