{"id":448877,"date":"2025-10-09T01:38:11","date_gmt":"2025-10-09T01:38:11","guid":{"rendered":"https:\/\/www.europesays.com\/fr\/448877\/"},"modified":"2025-10-09T01:38:11","modified_gmt":"2025-10-09T01:38:11","slug":"previsions-du-jeudi-9-octobre-2025-13","status":"publish","type":"post","link":"https:\/\/www.europesays.com\/fr\/448877\/","title":{"rendered":"pr\u00e9visions du jeudi 9 octobre 2025"},"content":{"rendered":"<p class=\"mb-4 text-lg md:leading-8 break-words\"><strong>M\u00e9t\u00e9o &#8211; Le soleil sera dominant, la garantie d&rsquo;une belle journ\u00e9e ! Les temp\u00e9ratures seront de 16\u00b0C la matin\u00e9e et de 20\u00b0C l&rsquo;apr\u00e8s-midi&#8230;<\/strong><\/p>\n<p class=\"mb-4 text-lg md:leading-8 break-words\">\u00c0 Paris, les temp\u00e9ratures afficheront entre 13\u00b0C et 20\u00b0C dans la journ\u00e9e. Un vent de nord-est soufflera doucement. Les nuages \u00e0 pr\u00e9voir le matin, et un ciel encore maussade. Des pluies \u00e9parses sont attendues. Il fera environ 16\u00b0C. L&rsquo;apr\u00e8s-midi qui s&rsquo;annonce, promet d&rsquo;\u00eatre superbe et ensoleill\u00e9 ! Les temp\u00e9ratures vont grimper de quelques degr\u00e9s. Les valeurs seront comprises entre 18 et 20\u00b0C. Le soir, apr\u00e8s un bref \u00e9pisode nuageux, le vent va progressivement chasser la grisaille. On anticipe des temp\u00e9ratures avoisinant 16\u00b0C. Une nuit claire vous attendra entre jeudi et vendredi.<\/p>\n<p class=\"mb-4 text-lg md:leading-8 break-words\">Un beau soleil est pr\u00e9vu demain \u00e0 Paris. Une chute des temp\u00e9ratures est pr\u00e9vue. Les valeurs s&rsquo;\u00e9chelonneront entre 11 et 20\u00b0C. Un vent de nord-est rafra\u00eechira l\u00e9g\u00e8rement l&rsquo;atmosph\u00e8re. Le matin, le thermom\u00e8tre affichera 14\u00b0C en moyenne. Une m\u00e9t\u00e9o plus chaude est attendue demain apr\u00e8s-midi puisque le mercure va enregistrer une augmentation. Les temp\u00e9ratures afficheront entre 18 et 20\u00b0C. Le temps devrait s&rsquo;am\u00e9liorer pendant la soir\u00e9e.<\/p>\n<p class=\"mb-4 text-lg md:leading-8 break-words\">Pour les jours qui suivent, la m\u00e9t\u00e9o ne changera pas. Il fera 17\u00b0C en moyenne pour des journ\u00e9es avec une m\u00e9t\u00e9o ensoleill\u00e9e.<\/p>\n<p class=\"mb-4 text-lg md:leading-8 break-words\"><a href=\"https:\/\/www.20minutes.fr\/planete\/previsions-meteo\/4178092-20251009-meteo-paris-previsions-jeudi-9-octobre-2025?at_medium=RSS%20feed&amp;at_campaign=ynews&amp;utm_source=yahoo&amp;utm_medium=rss&amp;utm_campaign=news_feed&amp;utm_content=read_more_link&quot;\" rel=\"nofollow noopener\" target=\"_blank\" data-ylk=\"slk:Lire la suite sur 20minutes;elm:context_link;itc:0;sec:content-canvas\" class=\"link \">Lire la suite sur 20minutes<\/a><\/p>\n","protected":false},"excerpt":{"rendered":"M\u00e9t\u00e9o &#8211; Le soleil sera dominant, la garantie d&rsquo;une belle journ\u00e9e ! Les temp\u00e9ratures seront de 16\u00b0C la&hellip;\n","protected":false},"author":2,"featured_media":448878,"comment_status":"","ping_status":"","sticky":false,"template":"","format":"standard","meta":{"footnotes":""},"categories":[1888],"tags":[1111,1928,11,1927,28358,1777,674,1011,27,44166,2487,12,1926,626,1925,25],"class_list":{"0":"post-448877","1":"post","2":"type-post","3":"status-publish","4":"format-standard","5":"has-post-thumbnail","7":"category-paris","8":"tag-actu","9":"tag-actu-paris","10":"tag-actualites","11":"tag-actualites-paris","12":"tag-belle-journee","13":"tag-eu","14":"tag-europe","15":"tag-fr","16":"tag-france","17":"tag-le-matin","18":"tag-meteo","19":"tag-news","20":"tag-news-paris","21":"tag-paris","22":"tag-paris-news","23":"tag-republique-francaise"},"share_on_mastodon":{"url":"https:\/\/pubeurope.com\/@fr\/115341656344642696","error":""},"_links":{"self":[{"href":"https:\/\/www.europesays.com\/fr\/wp-json\/wp\/v2\/posts\/448877","targetHints":{"allow":["GET"]}}],"collection":[{"href":"https:\/\/www.europesays.com\/fr\/wp-json\/wp\/v2\/posts"}],"about":[{"href":"https:\/\/www.europesays.com\/fr\/wp-json\/wp\/v2\/types\/post"}],"author":[{"embeddable":true,"href":"https:\/\/www.europesays.com\/fr\/wp-json\/wp\/v2\/users\/2"}],"replies":[{"embeddable":true,"href":"https:\/\/www.europesays.com\/fr\/wp-json\/wp\/v2\/comments?post=448877"}],"version-history":[{"count":0,"href":"https:\/\/www.europesays.com\/fr\/wp-json\/wp\/v2\/posts\/448877\/revisions"}],"wp:featuredmedia":[{"embeddable":true,"href":"https:\/\/www.europesays.com\/fr\/wp-json\/wp\/v2\/media\/448878"}],"wp:attachment":[{"href":"https:\/\/www.europesays.com\/fr\/wp-json\/wp\/v2\/media?parent=448877"}],"wp:term":[{"taxonomy":"category","embeddable":true,"href":"https:\/\/www.europesays.com\/fr\/wp-json\/wp\/v2\/categories?post=448877"},{"taxonomy":"post_tag","embeddable":true,"href":"https:\/\/www.europesays.com\/fr\/wp-json\/wp\/v2\/tags?post=448877"}],"curies":[{"name":"wp","href":"https:\/\/api.w.org\/{rel}","templated":true}]}}