{"id":448879,"date":"2025-10-09T01:39:24","date_gmt":"2025-10-09T01:39:24","guid":{"rendered":"https:\/\/www.europesays.com\/fr\/448879\/"},"modified":"2025-10-09T01:39:24","modified_gmt":"2025-10-09T01:39:24","slug":"forum-du-livre-franco-amazigh-a-paris-13e","status":"publish","type":"post","link":"https:\/\/www.europesays.com\/fr\/448879\/","title":{"rendered":"Forum du livre franco-amazigh \u00e0 Paris 13e"},"content":{"rendered":"\n<p>Le R\u00e9seau Culturel Franco-Berb\u00e8re (CBF) vous invite \u00e0 une nouvelle \u00e9dition du Forum du Livre Franco-Amazigh, dans le cadre de son itin\u00e9rance 2025. Cet \u00e9v\u00e9nement se tiendra le samedi 18 octobre 2025, de 13h \u00e0 19h, \u00e0 la Salle des f\u00eates de la Mairie du 13e (1, place d\u2019Italie, 75013 Paris).<\/p>\n<p>Le R\u00e9seau Culturel Franco-Berb\u00e8re (CBF) vous invite \u00e0 une nouvelle \u00e9dition du Forum du Livre Franco-Amazigh, dans le cadre de son itin\u00e9rance 2025. Cet \u00e9v\u00e9nement se tiendra le samedi 18 octobre 2025, de 13h \u00e0 19h, \u00e0 la Salle des f\u00eates de la Mairie du 13e arrondissement de Paris (1, place d\u2019Italie, 75013 Paris).<br \/>Un rendez-vous autour du livre et des cultures<\/p>\n<p>Le Forum du Livre Franco-Amazigh est bien plus qu\u2019un salon litt\u00e9raire. Il se veut un espace de rencontres et d\u2019\u00e9changes entre auteur\u00b7e\u00b7s, \u00e9diteur\u00b7rice\u00b7s, lecteur\u00b7rice\u00b7s et passionn\u00e9\u00b7e\u00b7s de la culture amazighe et francophone. \u00c0 travers les ouvrages pr\u00e9sent\u00e9s, il s\u2019agit de valoriser la diversit\u00e9 linguistique, culturelle et patrimoniale et de cr\u00e9er des passerelles entre les g\u00e9n\u00e9rations et les horizons.<\/p>\n<p>Un \u00e9v\u00e9nement culturel ouvert \u00e0 toutes et \u00e0 tous<\/p>\n<p>Durant toute l\u2019apr\u00e8s-midi, le public pourra :<\/p>\n<p>\u2013 D\u00e9couvrir une s\u00e9lection d\u2019ouvrages vari\u00e9s (romans, po\u00e9sie, essais, jeunesse, \u00e9tudes).<br \/>\u2013 \u00c9changer directement avec les auteurs et autrices pr\u00e9sents.<br \/>\u2013 Participer \u00e0 des temps d\u2019\u00e9changes autour de la litt\u00e9rature amazighe contemporaine et francophone.<\/p>\n<p>Plonger dans un moment de convivialit\u00e9 et de partage interculturel.<br \/>Informations pratiques<\/p>\n<p>\ud83d\udccd Lieu : Salle des f\u00eates \u2013 Mairie du 13e arrondissement, 1 place d\u2019Italie, 75013 Paris<\/p>\n<p>\ud83d\uddd3\ufe0f Date : Samedi 18 octobre 2025<\/p>\n<p>\ud83d\udd50 Horaires : de 13h \u00e0 19h<\/p>\n<p>Entr\u00e9e libre et gratuite<\/p>\n<p>\ud83d\udcde Contact &amp; informations :<\/p>\n<p>\u2709\ufe0f livres@cbf.fr<\/p>\n<p>\ud83d\udcf1 07 63 19 66 48<\/p>\n<p><strong>L\u2019organisateur est : <\/strong>R\u00e9seau cutlurel franco-berb\u00e8re<\/p>\n<p><a href=\"https:\/\/cbf.fr\/forum-du-livre-franco-amazigh-itinerance-2025-fait-etape-a-paris\/\" rel=\"nofollow noopener\" target=\"_blank\">Plus d\u2019informations sur cet \u00e9v\u00e9nement<\/a><\/p>\n","protected":false},"excerpt":{"rendered":"Le R\u00e9seau Culturel Franco-Berb\u00e8re (CBF) vous invite \u00e0 une nouvelle \u00e9dition du Forum du Livre Franco-Amazigh, dans le&hellip;\n","protected":false},"author":2,"featured_media":448880,"comment_status":"","ping_status":"","sticky":false,"template":"","format":"standard","meta":{"footnotes":""},"categories":[1888],"tags":[11,1777,674,1011,27,12,626,25],"class_list":{"0":"post-448879","1":"post","2":"type-post","3":"status-publish","4":"format-standard","5":"has-post-thumbnail","7":"category-paris","8":"tag-actualites","9":"tag-eu","10":"tag-europe","11":"tag-fr","12":"tag-france","13":"tag-news","14":"tag-paris","15":"tag-republique-francaise"},"share_on_mastodon":{"url":"https:\/\/pubeurope.com\/@fr\/115341660275653939","error":""},"_links":{"self":[{"href":"https:\/\/www.europesays.com\/fr\/wp-json\/wp\/v2\/posts\/448879","targetHints":{"allow":["GET"]}}],"collection":[{"href":"https:\/\/www.europesays.com\/fr\/wp-json\/wp\/v2\/posts"}],"about":[{"href":"https:\/\/www.europesays.com\/fr\/wp-json\/wp\/v2\/types\/post"}],"author":[{"embeddable":true,"href":"https:\/\/www.europesays.com\/fr\/wp-json\/wp\/v2\/users\/2"}],"replies":[{"embeddable":true,"href":"https:\/\/www.europesays.com\/fr\/wp-json\/wp\/v2\/comments?post=448879"}],"version-history":[{"count":0,"href":"https:\/\/www.europesays.com\/fr\/wp-json\/wp\/v2\/posts\/448879\/revisions"}],"wp:featuredmedia":[{"embeddable":true,"href":"https:\/\/www.europesays.com\/fr\/wp-json\/wp\/v2\/media\/448880"}],"wp:attachment":[{"href":"https:\/\/www.europesays.com\/fr\/wp-json\/wp\/v2\/media?parent=448879"}],"wp:term":[{"taxonomy":"category","embeddable":true,"href":"https:\/\/www.europesays.com\/fr\/wp-json\/wp\/v2\/categories?post=448879"},{"taxonomy":"post_tag","embeddable":true,"href":"https:\/\/www.europesays.com\/fr\/wp-json\/wp\/v2\/tags?post=448879"}],"curies":[{"name":"wp","href":"https:\/\/api.w.org\/{rel}","templated":true}]}}