{"id":448885,"date":"2025-10-09T01:42:15","date_gmt":"2025-10-09T01:42:15","guid":{"rendered":"https:\/\/www.europesays.com\/fr\/448885\/"},"modified":"2025-10-09T01:42:15","modified_gmt":"2025-10-09T01:42:15","slug":"la-russie-considere-que-limpulsion-nee-de-la-rencontre-trump-poutine-sest-largement-epuisee","status":"publish","type":"post","link":"https:\/\/www.europesays.com\/fr\/448885\/","title":{"rendered":"la Russie consid\u00e8re que \u00abl\u2019impulsion\u00bb n\u00e9e de la rencontre Trump-Poutine s\u2019est \u00ablargement \u00e9puis\u00e9e\u00bb"},"content":{"rendered":"<p>\n    Un responsable russe a jug\u00e9 mercredi que la dynamique n\u00e9e de la rencontre Poutine-Trump s\u2019\u00e9tait \u00ablargement \u00e9puis\u00e9e\u00bb, d\u00e9non\u00e7ant les \u00abactions destructrices\u00bb des Europ\u00e9ens et mettant en garde contre une \u00abnouvelle escalade\u00bb li\u00e9e aux livraisons d\u2019armes am\u00e9ricaines.<\/p>\n<p class=\"fig-paragraph\">Un haut responsable russe a estim\u00e9 mercredi 8 octobre que la dynamique r\u00e9cemment cr\u00e9\u00e9e par la rencontre entre\u00a0<a href=\"https:\/\/video.lefigaro.fr\/figaro\/international\/guerre-en-ukraine-donald-trump-dit-que-sa-patience-avec-vladimir-poutine-sepuise-rapidement-et-veut-se-montrer-ferme-20250912\" data-fig-type=\"Video\" data-gtm-custom-categorie=\"navigation\" data-gtm-custom-action=\"crossclick\" data-gtm-custom-label=\"Contextuel\" data-gtm-event=\"customEventSPE\" data-fig-domain=\"LEFIGARO\" target=\"_blank\" rel=\"noopener\">Vladimir Poutine et Donald Trump\u00a0<\/a>pour mettre fin \u00e0 la\u00a0<a href=\"http:\/\/www.lefigaro.fr\/international\/guerre-en-ukraine-l-europe-doit-repondre-face-a-la-guerre-hybride-menee-par-la-russie-declare-von-der-leyen-20251008\" data-fig-type=\"NewsFlash\" data-gtm-custom-categorie=\"navigation\" data-gtm-custom-action=\"crossclick\" data-gtm-custom-label=\"Contextuel\" data-gtm-event=\"customEventSPE\" data-fig-domain=\"LEFIGARO\" target=\"_blank\" rel=\"noopener\">guerre en Ukraine\u00a0<\/a>s&rsquo;\u00e9tait \u00ablargement \u00e9puis\u00e9e\u00bb, le pr\u00e9sident am\u00e9ricain ayant ces derni\u00e8res semaines durci son discours \u00e0 l&rsquo;\u00e9gard de Moscou.<\/p>\n<p class=\"fig-paragraph\">\u00abMalheureusement, il faut constater que l&rsquo;impulsion puissante d&rsquo;Anchorage (lieu de la rencontre Trump-Poutine en ao\u00fbt, ndlr) (&#8230;) s&rsquo;est largement \u00e9puis\u00e9e\u00bb, a affirm\u00e9 le vice-ministre russe des Affaires \u00e9trang\u00e8res, Sergue\u00ef Riabkov, cit\u00e9 par l&rsquo;agence de presse RIA Novosti. Selon lui, les \u00abactions destructrices, en premier lieu des Europ\u00e9ens\u00bb, ont emp\u00each\u00e9 les n\u00e9gociations d&rsquo;avancer pour trouver une \u00abentente\u00bb sur le r\u00e8glement du conflit en Ukraine.<\/p>\n<p>                                    <a class=\"fig-a11y-skip a11y-hidden\" href=\"#fig-a11y-skip-main-inarticle\"><br \/>\n        Passer la publicit\u00e9<br \/>\n    <\/a><\/p>\n<p>\u00abUne nouvelle escalade\u00bb entre Moscou et Washington<\/p>\n<p class=\"fig-paragraph\">Le pr\u00e9sident am\u00e9ricain, Donald Trump, a tent\u00e9 apr\u00e8s son retour au pouvoir en janvier de se rapprocher de Moscou pour trouver une issue \u00e0 la guerre en Ukraine, notamment en recevant en grande pompe Vladimir Poutine en Alaska, le 15 ao\u00fbt. Mais ce rapprochement n&rsquo;a pas d\u00e9bouch\u00e9 sur une avanc\u00e9e des n\u00e9gociations entre Moscou et Kiev, alors que la Russie demande notamment l&rsquo;<a href=\"http:\/\/www.lefigaro.fr\/international\/guerre-en-ukraine-medvedev-promet-plus-de-conquetes-un-an-apres-l-annexion-de-territoires-20230930\" data-fig-type=\"NewsFlash\" data-gtm-custom-categorie=\"navigation\" data-gtm-custom-action=\"crossclick\" data-gtm-custom-label=\"Contextuel\" data-gtm-event=\"customEventSPE\" data-fig-domain=\"LEFIGARO\" target=\"_blank\" rel=\"noopener\">annexion de plusieurs r\u00e9gions ukrainiennes<\/a>, ce que Kiev rejette cat\u00e9goriquement.<\/p>\n<p class=\"fig-paragraph\">Ces derni\u00e8res semaines, Donald Trump a exprim\u00e9 une frustration croissante \u00e0 l&rsquo;\u00e9gard de Moscou, comparant la Russie \u00e0 un\u00a0<a href=\"http:\/\/www.lefigaro.fr\/international\/la-russie-un-tigre-de-papier-quand-donald-trump-s-inspire-de-mao-zedong-et-oublie-nikita-khrouchtchev-20250924\" data-fig-type=\"NewsFlash\" data-gtm-custom-categorie=\"navigation\" data-gtm-custom-action=\"crossclick\" data-gtm-custom-label=\"Contextuel\" data-gtm-event=\"customEventSPE\" data-fig-domain=\"LEFIGARO\" target=\"_blank\" rel=\"noopener\">\u00abtigre de papier\u00bb<\/a>, qui para\u00eet puissant mais ne l&rsquo;est pas, et jugeant sa situation \u00e9conomique critique. Dans ce contexte, des responsables am\u00e9ricains ont envisag\u00e9 r\u00e9cemment la vente de missiles longue port\u00e9e Tomahawk aux Europ\u00e9ens pour les livrer \u00e0 l&rsquo;Ukraine.<\/p>\n<p class=\"fig-paragraph\">La semaine derni\u00e8re, Vladimir Poutine a estim\u00e9 que l&rsquo;envoi \u00e0 Kiev de ces armements serait \u00abune nouvelle escalade\u00bb entre Moscou et Washington car \u00abemployer des Tomahawk est impossible sans la participation directe de militaires am\u00e9ricains\u00bb. Le vice-ministre russe des Affaires \u00e9trang\u00e8res, Sergue\u00ef Riabkov, a lui appel\u00e9 mercredi les \u00c9tats-Unis \u00e0 aborder cette possible option de \u00abmani\u00e8re saine et responsable\u00bb.<\/p>\n","protected":false},"excerpt":{"rendered":"Un responsable russe a jug\u00e9 mercredi que la dynamique n\u00e9e de la rencontre Poutine-Trump s\u2019\u00e9tait \u00ablargement \u00e9puis\u00e9e\u00bb, d\u00e9non\u00e7ant&hellip;\n","protected":false},"author":2,"featured_media":448886,"comment_status":"","ping_status":"","sticky":false,"template":"","format":"standard","meta":{"footnotes":""},"categories":[1590],"tags":[11,75,1777,674,12,132,220,135],"class_list":{"0":"post-448885","1":"post","2":"type-post","3":"status-publish","4":"format-standard","5":"has-post-thumbnail","7":"category-ukraine","8":"tag-actualites","9":"tag-donald-trump","10":"tag-eu","11":"tag-europe","12":"tag-news","13":"tag-russie","14":"tag-ukraine","15":"tag-vladimir-poutine"},"share_on_mastodon":{"url":"https:\/\/pubeurope.com\/@fr\/115341672040445677","error":""},"_links":{"self":[{"href":"https:\/\/www.europesays.com\/fr\/wp-json\/wp\/v2\/posts\/448885","targetHints":{"allow":["GET"]}}],"collection":[{"href":"https:\/\/www.europesays.com\/fr\/wp-json\/wp\/v2\/posts"}],"about":[{"href":"https:\/\/www.europesays.com\/fr\/wp-json\/wp\/v2\/types\/post"}],"author":[{"embeddable":true,"href":"https:\/\/www.europesays.com\/fr\/wp-json\/wp\/v2\/users\/2"}],"replies":[{"embeddable":true,"href":"https:\/\/www.europesays.com\/fr\/wp-json\/wp\/v2\/comments?post=448885"}],"version-history":[{"count":0,"href":"https:\/\/www.europesays.com\/fr\/wp-json\/wp\/v2\/posts\/448885\/revisions"}],"wp:featuredmedia":[{"embeddable":true,"href":"https:\/\/www.europesays.com\/fr\/wp-json\/wp\/v2\/media\/448886"}],"wp:attachment":[{"href":"https:\/\/www.europesays.com\/fr\/wp-json\/wp\/v2\/media?parent=448885"}],"wp:term":[{"taxonomy":"category","embeddable":true,"href":"https:\/\/www.europesays.com\/fr\/wp-json\/wp\/v2\/categories?post=448885"},{"taxonomy":"post_tag","embeddable":true,"href":"https:\/\/www.europesays.com\/fr\/wp-json\/wp\/v2\/tags?post=448885"}],"curies":[{"name":"wp","href":"https:\/\/api.w.org\/{rel}","templated":true}]}}