{"id":448887,"date":"2025-10-09T01:43:12","date_gmt":"2025-10-09T01:43:12","guid":{"rendered":"https:\/\/www.europesays.com\/fr\/448887\/"},"modified":"2025-10-09T01:43:12","modified_gmt":"2025-10-09T01:43:12","slug":"lonu-reduira-de-25-ses-operations-de-maintien-de-la-paix-face-aux-coupures-des-e-u","status":"publish","type":"post","link":"https:\/\/www.europesays.com\/fr\/448887\/","title":{"rendered":"L&rsquo;ONU r\u00e9duira de 25 % ses op\u00e9rations de maintien de la paix face aux coupures des \u00c9-U"},"content":{"rendered":"<p>Les Nations Unies vont commencer \u00e0 r\u00e9duire drastiquement leurs op\u00e9rations de maintien de la paix, obligeant des milliers de soldats \u00e0 \u00e9vacuer des zones sensibles au cours des prochains mois. Cette d\u00e9cision fait suite aux r\u00e9centes coupes budg\u00e9taires am\u00e9ricaines, a expliqu\u00e9 un haut responsable de l\u2019ONU.<\/p>\n<p>Ce responsable, qui s\u2019exprimait sous couvert d\u2019anonymat, a inform\u00e9 les m\u00e9dias mercredi de la r\u00e9duction de 25\u00a0% des effectifs de maintien de la paix dans le monde alors que les \u00c9tats-Unis, le principal donateur de l\u2019ONU, se r\u00e9alignent vers une diplomatie mettant \u00abl\u2019Am\u00e9rique d\u2019abord\u00bb.<\/p>\n<p>De 13\u00a0000\u00a0\u00e0 14\u00a0000\u00a0militaires et policiers, sur les plus de 50\u00a0000\u00a0Casques bleus d\u00e9ploy\u00e9s dans neuf missions \u00e0 travers le monde, seront renvoy\u00e9s dans leur pays d\u2019origine. Le bureau de soutien des Nations Unies en Somalie sera \u00e9galement impact\u00e9.<\/p>\n<p>Cette annonce intervient alors que l\u2019ONU pr\u00e9voit de r\u00e9duire d\u2019environ 15\u00a0% le budget de 5,4\u00a0milliards\u00a0$\u00a0US de la force de maintien de la paix pour l\u2019ann\u00e9e prochaine.<\/p>\n<p>Le haut responsable a averti que ces r\u00e9ductions affecteraient tous les domaines d\u2019activit\u00e9 de l\u2019ONU; les op\u00e9rations, tout comme le personnel civil et en uniforme. On ignore quand et comment les personnes en zone de conflit seront touch\u00e9es, mais il a affirm\u00e9 que l\u2019impact serait significatif.<\/p>\n<p>Le d\u00e9partement des op\u00e9rations de maintien de la paix de l\u2019ONU dirige actuellement des missions dans des pays comme le Congo, la R\u00e9publique centrafricaine, le Soudan du Sud, le Liban, Chypre et le Kosovo. Chacun des 193\u00a0pays membres de l\u2019ONU est l\u00e9galement tenu de contribuer au maintien de la paix.<\/p>\n<p>Il y a quelques mois, alors que le secr\u00e9taire g\u00e9n\u00e9ral de l\u2019ONU, Antonio Guterres, faisait pression sur des pays comme les \u00c9tats-Unis pour qu\u2019ils contribuent davantage, il affirmait qu\u2019avec un budget \u00abrepr\u00e9sentant une infime fraction des d\u00e9penses militaires mondiales \u2013 environ 0,5\u00a0% \u2013, le maintien de la paix de l\u2019ONU demeure l\u2019un des outils les plus efficaces et les plus rentables pour consolider la paix et la s\u00e9curit\u00e9 internationales\u00bb.<\/p>\n<p>La d\u00e9cision d\u2019engager une refonte majeure de la force de maintien de la paix fait suite \u00e0 une r\u00e9union mardi entre M.\u00a0Guterres et des repr\u00e9sentants des principaux pays donateurs, dont Mike Waltz, le nouvel ambassadeur des \u00c9tats-Unis aupr\u00e8s des Nations Unies. M.\u00a0Waltz et d\u2019autres responsables de l\u2019administration Trump ont affirm\u00e9 que l\u2019ONU avait un trop grand budget et des agences superflues.<\/p>\n<p>Ils ont dit qu\u2019ils ne verseraient plus de contributions tant que le D\u00e9partement d\u2019\u00c9tat n\u2019aurait pas \u00e9valu\u00e9 l\u2019efficacit\u00e9 de chaque agence ou programme de l\u2019ONU.<\/p>\n<p>Dans une entrevue t\u00e9l\u00e9vis\u00e9e la semaine derni\u00e8re, M.\u00a0Waltz a d\u00e9clar\u00e9 que les \u00c9tats-Unis s\u2019attachaient \u00e0 \u00abramener l\u2019ONU \u00e0 ses fondamentaux: promouvoir la paix, imposer la paix et pr\u00e9venir la guerre\u00bb.<\/p>\n<p>Il a ajout\u00e9 qu\u2019il \u00e9tait temps de \u00abmettre un terme \u00e0 toutes ces absurdit\u00e9s\u00bb.<\/p>\n<p>Les op\u00e9rations de maintien de la paix de l\u2019ONU ont connu une croissance spectaculaire. \u00c0 la fin de la Guerre froide, au d\u00e9but des ann\u00e9es 1990, on comptait 11\u00a0000\u00a0Casques bleus. En 2014, ils \u00e9taient 130\u00a0000\u00a0soldats, affect\u00e9s \u00e0 16\u00a0op\u00e9rations de maintien de la paix de grande envergure. <\/p>\n<p>Aujourd\u2019hui, environ 52\u00a0000\u00a0hommes et femmes servent dans 11\u00a0zones de conflit en Afrique, en Asie, en Europe et au Moyen-Orient.<\/p>\n<p>Les \u00c9tats-Unis ont annonc\u00e9 qu\u2019ils allaient consacrer 680\u00a0millions\u00a0$\u00a0US \u00e0 neuf de ces op\u00e9rations de maintien de la paix: une r\u00e9duction significative par rapport au milliard de dollars vers\u00e9s \u00e0 la m\u00eame p\u00e9riode l\u2019ann\u00e9e derni\u00e8re, selon le responsable de l\u2019ONU.<\/p>\n<p>Ce financement sera accessible \u00e0 toutes les missions actives, en particulier celles qui int\u00e9ressent les \u00c9tats-Unis, comme au Liban et en R\u00e9publique d\u00e9mocratique du Congo.<\/p>\n<p>Les contributions des \u00c9tats-Unis et de la Chine repr\u00e9sentent la moiti\u00e9 du budget de maintien de la paix de l\u2019ONU. Un autre haut responsable des Nations Unies, qui a \u00e9galement requis l\u2019anonymat pour \u00e9voquer des entretiens priv\u00e9s, a indiqu\u00e9 que la Chine verserait l\u2019int\u00e9gralit\u00e9 de sa contribution d\u2019ici la fin de l\u2019ann\u00e9e.<\/p>\n","protected":false},"excerpt":{"rendered":"Les Nations Unies vont commencer \u00e0 r\u00e9duire drastiquement leurs op\u00e9rations de maintien de la paix, obligeant des milliers&hellip;\n","protected":false},"author":2,"featured_media":448888,"comment_status":"","ping_status":"","sticky":false,"template":"","format":"standard","meta":{"footnotes":""},"categories":[1589],"tags":[11,73,1866,4574,4575,1854,4576,12,1864,1865,1863,308],"class_list":{"0":"post-448887","1":"post","2":"type-post","3":"status-publish","4":"format-standard","5":"has-post-thumbnail","7":"category-etats-unis","8":"tag-actualites","9":"tag-etats-unis","10":"tag-etats-unis-damerique","11":"tag-https-lactualite-com-sujet-affaires","12":"tag-https-lactualite-com-sujet-economie","13":"tag-https-lactualite-com-sujet-international","14":"tag-https-lactualite-com-sujet-politique","15":"tag-news","16":"tag-united-states","17":"tag-united-states-of-america","18":"tag-us","19":"tag-usa"},"share_on_mastodon":{"url":"https:\/\/pubeurope.com\/@fr\/115341675954640234","error":""},"_links":{"self":[{"href":"https:\/\/www.europesays.com\/fr\/wp-json\/wp\/v2\/posts\/448887","targetHints":{"allow":["GET"]}}],"collection":[{"href":"https:\/\/www.europesays.com\/fr\/wp-json\/wp\/v2\/posts"}],"about":[{"href":"https:\/\/www.europesays.com\/fr\/wp-json\/wp\/v2\/types\/post"}],"author":[{"embeddable":true,"href":"https:\/\/www.europesays.com\/fr\/wp-json\/wp\/v2\/users\/2"}],"replies":[{"embeddable":true,"href":"https:\/\/www.europesays.com\/fr\/wp-json\/wp\/v2\/comments?post=448887"}],"version-history":[{"count":0,"href":"https:\/\/www.europesays.com\/fr\/wp-json\/wp\/v2\/posts\/448887\/revisions"}],"wp:featuredmedia":[{"embeddable":true,"href":"https:\/\/www.europesays.com\/fr\/wp-json\/wp\/v2\/media\/448888"}],"wp:attachment":[{"href":"https:\/\/www.europesays.com\/fr\/wp-json\/wp\/v2\/media?parent=448887"}],"wp:term":[{"taxonomy":"category","embeddable":true,"href":"https:\/\/www.europesays.com\/fr\/wp-json\/wp\/v2\/categories?post=448887"},{"taxonomy":"post_tag","embeddable":true,"href":"https:\/\/www.europesays.com\/fr\/wp-json\/wp\/v2\/tags?post=448887"}],"curies":[{"name":"wp","href":"https:\/\/api.w.org\/{rel}","templated":true}]}}